{"id":5215,"date":"2026-04-28T05:10:33","date_gmt":"2026-04-28T05:10:33","guid":{"rendered":"https:\/\/fv-plittersdorf.de\/?p=5215"},"modified":"2026-04-28T05:10:34","modified_gmt":"2026-04-28T05:10:34","slug":"torfestival-in-ottenau","status":"publish","type":"post","link":"https:\/\/fv-plittersdorf.de\/index.php\/2026\/04\/28\/torfestival-in-ottenau\/","title":{"rendered":"Torfestival in Ottenau"},"content":{"rendered":"\n<p><strong>SpVgg. Ottenau II &#8211; FV Plittersdorf 0:6 (0:0)<\/strong><\/p>\n\n\n\n<p>Die Rieder Erste fuhr beim Schlusslicht aus Ottenau einen verdienten 6:0- Kantersieg ein. Dabei schoss die Daubner-Elf nach einer torlosen ersten Halbzeit alle sechs Tore nach der Pause innerhalb von 35 Minuten. Obwohl die G\u00e4ste gleich zu Beginn geh\u00f6rig Druck aus\u00fcbten, verpassten sie trotz klarster Chancen gleich mehrfach die F\u00fchrung. Gleich zweimal wurde der Ball von den k\u00e4mpfenden Gastgebern im letzten Moment von der Linie gekratzt, zudem rettete der Ottenauer Keeper mehrere Male, auch der Pfosten verhinderte einmal den Einschlag. Nach einer halben Stunde kam die Landesliga-Reserve dann durch einige gef\u00e4hrliche Standards besser ins Spiel, der Plittersdorfer Offensivdrang nahm bis zur Pause etwas ab.<\/p>\n\n\n\n<p>Den Bann brach dann ein berechtigter Foulelfmeter, den der gefoulte Mio Kratochwil dann auch sicher zur F\u00fchrung verwandelte (56. Spielminute). Gleich nach dem Ansto\u00df entfachten die G\u00e4ste weiter Druck auf die Ottenauer Abwehr, erneut Kratochwil erh\u00f6hte daher nur zwei Minuten sp\u00e4ter auf 0:2. Der dritte Rieder Treffer in der 70. Spielminute durch Raphael Ebner nach einem blitzsauberen Spielzug \u00fcber die linke Offensivseite brachte die Vorentscheidung. Auch danach lie\u00df die Daubner-Elf Ottenau nicht mehr ins Spiel zur\u00fcckkommen und schraubte das Ergebnis durch weitere Treffer von Kratochwil, der seinen zweiten Dreierpack in Folge feierte, erneut Ebner und Luca Bergmaier auf 0:6 in die H\u00f6he. Nach einer komplizierten ersten H\u00e4lfte waren die Schwarz-Gelben in Halbzeit zwei effektiver und fuhren weitere wichtige drei Punkte im Kampf und die ersten beiden Pl\u00e4tze ein.<\/p>\n\n\n\n<p><strong>Ausblick<\/strong><\/p>\n\n\n\n<p>Samstag, 02.05.2026 14:00 Uhr&nbsp; FVP II &#8211; 1.SV M\u00f6rsch III<\/p>\n\n\n\n<p>&nbsp; &nbsp; &nbsp; &nbsp; &nbsp; &nbsp; &nbsp; &nbsp; &nbsp; &nbsp; &nbsp; &nbsp; &nbsp; &nbsp; &nbsp; &nbsp; &nbsp; &nbsp; &nbsp; &nbsp; &nbsp; &nbsp; &nbsp; &nbsp; &nbsp;FVP I &#8211; 1.SV M\u00f6rsch II<\/p>\n","protected":false},"excerpt":{"rendered":"<p>SpVgg. Ottenau II &#8211; FV Plittersdorf 0:6 (0:0) Die Rieder Erste fuhr beim Schlusslicht aus Ottenau einen verdienten 6:0- Kantersieg ein. Dabei schoss die Daubner-Elf nach einer torlosen ersten Halbzeit alle sechs Tore nach der Pause innerhalb von 35 Minuten. Obwohl die G\u00e4ste gleich zu Beginn geh\u00f6rig Druck aus\u00fcbten, verpassten sie trotz klarster Chancen gleich [&hellip;]<\/p>\n","protected":false},"author":2,"featured_media":0,"comment_status":"open","ping_status":"open","sticky":false,"template":"","format":"standard","meta":{"footnotes":""},"categories":[1],"tags":[],"class_list":{"0":"post-5215","1":"post","2":"type-post","3":"status-publish","4":"format-standard","6":"category-uncategorized","7":"czr-hentry"},"_links":{"self":[{"href":"https:\/\/fv-plittersdorf.de\/index.php\/wp-json\/wp\/v2\/posts\/5215","targetHints":{"allow":["GET"]}}],"collection":[{"href":"https:\/\/fv-plittersdorf.de\/index.php\/wp-json\/wp\/v2\/posts"}],"about":[{"href":"https:\/\/fv-plittersdorf.de\/index.php\/wp-json\/wp\/v2\/types\/post"}],"author":[{"embeddable":true,"href":"https:\/\/fv-plittersdorf.de\/index.php\/wp-json\/wp\/v2\/users\/2"}],"replies":[{"embeddable":true,"href":"https:\/\/fv-plittersdorf.de\/index.php\/wp-json\/wp\/v2\/comments?post=5215"}],"version-history":[{"count":1,"href":"https:\/\/fv-plittersdorf.de\/index.php\/wp-json\/wp\/v2\/posts\/5215\/revisions"}],"predecessor-version":[{"id":5216,"href":"https:\/\/fv-plittersdorf.de\/index.php\/wp-json\/wp\/v2\/posts\/5215\/revisions\/5216"}],"wp:attachment":[{"href":"https:\/\/fv-plittersdorf.de\/index.php\/wp-json\/wp\/v2\/media?parent=5215"}],"wp:term":[{"taxonomy":"category","embeddable":true,"href":"https:\/\/fv-plittersdorf.de\/index.php\/wp-json\/wp\/v2\/categories?post=5215"},{"taxonomy":"post_tag","embeddable":true,"href":"https:\/\/fv-plittersdorf.de\/index.php\/wp-json\/wp\/v2\/tags?post=5215"}],"curies":[{"name":"wp","href":"https:\/\/api.w.org\/{rel}","templated":true}]}}