{"id":5092,"date":"2025-12-07T19:46:49","date_gmt":"2025-12-07T19:46:49","guid":{"rendered":"https:\/\/fv-plittersdorf.de\/?p=5092"},"modified":"2025-12-07T19:46:50","modified_gmt":"2025-12-07T19:46:50","slug":"stellungnahme-des-fv-germania-plittersdorf-zur-berichterstattung-in-den-bnn-am-03-12-2025-unter-dem-titel-pruegelangriff-auf-torwart-ermittlungen-eingestellt-sowie-dem-kommentar","status":"publish","type":"post","link":"https:\/\/fv-plittersdorf.de\/index.php\/2025\/12\/07\/stellungnahme-des-fv-germania-plittersdorf-zur-berichterstattung-in-den-bnn-am-03-12-2025-unter-dem-titel-pruegelangriff-auf-torwart-ermittlungen-eingestellt-sowie-dem-kommentar\/","title":{"rendered":"Stellungnahme des FV Germania Plittersdorf zur Berichterstattung in den BNN am 03.12.2025 unter dem Titel \u201ePr\u00fcgelangriff auf Torwart: Ermittlungen eingestellt\u201c sowie dem Kommentar \u201eKein gutes Zeichen\u201c"},"content":{"rendered":"\n<p>Am vergangenen <strong>Mittwoch, 03.12.2025<\/strong>, ver\u00f6ffentlichten die <strong>Badischen Neuesten Nachrichten<\/strong>, u.a. in ihrer Lokalausgabe f\u00fcr Rastatt, einen Artikel unter dem Titel &#8222;Pr\u00fcgelangriff auf Torwart: Ermittlungen eingestellt&#8220; sowie unter der \u00dcberschrift &#8222;Kein gutes Zeichen&#8220; einen dazugeh\u00f6rigen Kommentar. Beide Texte, die im Folgenden dargestellt sind, k\u00f6nnten bei den Lesern den Eindruck erweckt haben, dass der FV Germania Plittersdorf mit Spendengeldern intransparent und nicht zweckgem\u00e4\u00df umgegangen sei. Dem widersprechen wir ausdr\u00fccklich!<\/p>\n\n\n\n<figure class=\"wp-block-gallery has-nested-images columns-default is-cropped wp-block-gallery-1 is-layout-flex wp-block-gallery-is-layout-flex\">\n<figure class=\"wp-block-image size-full\"><a href=\"https:\/\/fv-plittersdorf.de\/wp-content\/uploads\/2025\/12\/20251203_BNN_Artikel1-1.png\"><img loading=\"lazy\" decoding=\"async\" width=\"222\" height=\"757\" data-id=\"5095\" src=\"https:\/\/fv-plittersdorf.de\/wp-content\/uploads\/2025\/12\/20251203_BNN_Artikel1-1.png\" alt=\"\" class=\"wp-image-5095\" srcset=\"https:\/\/fv-plittersdorf.de\/wp-content\/uploads\/2025\/12\/20251203_BNN_Artikel1-1.png 222w, https:\/\/fv-plittersdorf.de\/wp-content\/uploads\/2025\/12\/20251203_BNN_Artikel1-1-88x300.png 88w\" sizes=\"auto, (max-width: 222px) 100vw, 222px\" \/><\/a><figcaption class=\"wp-element-caption\">Quelle: BNN, 03.12.2025<\/figcaption><\/figure>\n\n\n\n<figure class=\"wp-block-image size-full\"><a href=\"https:\/\/fv-plittersdorf.de\/wp-content\/uploads\/2025\/12\/20251203_BNN_Artikel2-1.png\"><img loading=\"lazy\" decoding=\"async\" width=\"941\" height=\"725\" data-id=\"5096\" src=\"https:\/\/fv-plittersdorf.de\/wp-content\/uploads\/2025\/12\/20251203_BNN_Artikel2-1.png\" alt=\"\" class=\"wp-image-5096\" srcset=\"https:\/\/fv-plittersdorf.de\/wp-content\/uploads\/2025\/12\/20251203_BNN_Artikel2-1.png 941w, https:\/\/fv-plittersdorf.de\/wp-content\/uploads\/2025\/12\/20251203_BNN_Artikel2-1-300x231.png 300w, https:\/\/fv-plittersdorf.de\/wp-content\/uploads\/2025\/12\/20251203_BNN_Artikel2-1-768x592.png 768w\" sizes=\"auto, (max-width: 941px) 100vw, 941px\" \/><\/a><figcaption class=\"wp-element-caption\">Quelle: BNN, 03.12.2025<\/figcaption><\/figure>\n<\/figure>\n\n\n\n<p>Aus diesem Grund hat der FV Germania Plittersdorf am heutigen <strong>Sonntag, 07.12.2025<\/strong>, an die BNN und die verantwortliche Redaktion eine <strong>Stellungnahme<\/strong> versendet. Sie enth\u00e4lt die Bitte, die dargestellten Sachverhalte richtig zu stellen und in k\u00fcnftigen Berichterstattungen zu ber\u00fccksichtigen. In der Stellungnahme wird der <strong>Berichterstattung insoweit zugestimmt<\/strong>, dass der &#8230;<\/p>\n\n\n\n<ul class=\"wp-block-list\">\n<li>der \u00f6ffentliche Spendenaufruf privat und nicht durch den FV Plittersdorf initiiert war. <\/li>\n\n\n\n<li>der FV Plittersdorf \u00fcber die sozialen Netzwerke den Zeugenaufruf der Kriminalpolizei nachhaltig verbreitet hat, um die polizeilichen Ermittlungsarbeiten bestm\u00f6glich zu unterst\u00fctzen.<\/li>\n\n\n\n<li>der FV Plittersdorf hierzu in st\u00e4ndiger Abstimmung mit der Kriminalpolizei f\u00fcr die Ergreifung des \/ der T\u00e4ter(s) eine Belohnung ausgesetzt hat. Die ausgeschriebene Betrag lag letztlich bei insgesamt 12.000 \u20ac.<\/li>\n<\/ul>\n\n\n\n<p><strong>Richtigstellen<\/strong> m\u00f6chte der FV Plittersdorf folgende Sachverhalte:<\/p>\n\n\n\n<ul class=\"wp-block-list\">\n<li>Dem FV Plittersdorf sind mit Ausnahme eines Einzelspendenbetrags i.H.v. 2.000 \u20ac sowie zweier Kleinspenden im Gesamtbetrag von 150 \u20ac keinerlei weitere Spenden in dieser Angelegenheit zugeflossen. Diese Spendenbetr\u00e4ge wurden vom Verein bereits vor einiger Zeit an unseren gesch\u00e4digten Spieler weitergeleitet. Die Spender wurden hiervon unterrichtet.<\/li>\n\n\n\n<li>F\u00fcr den ausgesetzten Belohnungsbetrag in H\u00f6he von 12.000 \u20ac lagen lediglich Spendenzusagen f\u00fcr den Fall einer tats\u00e4chlichen Ergreifung des \/ der T\u00e4ter(s) als Belohnung vor. Da tats\u00e4chlich niemals eine Belohnung ausbezahlt werden konnte, gab es hierzu auch keine Geldeing\u00e4nge oder Auszahlungen.<\/li>\n\n\n\n<li>Zur privat initiierten Spendenaktion \u00fcber das Internet-Portal \u201egofund.me\u201c kann der Verein keine detaillierte Auskunft geben. Wie der gesch\u00e4digte Spieler uns mitteilte, wurden jedoch auch hier die \u00fcber den Spendenaufruf eingegangenen Spenden (rund 11.900 \u20ac) vollumf\u00e4nglich an ihn weitergeleitet.<\/li>\n\n\n\n<li>Weitere Spendensummen sind dem Verein nicht bekannt.<\/li>\n<\/ul>\n\n\n\n<p>Der FV Plittersdorf bedauert, dass die bisherigen polizeilichen Ermittlungen bisher zu keinem Ergebnis gef\u00fchrt haben. Dar\u00fcber hinaus bedauert der Verein au\u00dferordentlich die Tatsache, dass durch die mediale Berichterstattung der BNN eine Aktion der Solidarit\u00e4t, die der vollst\u00e4ndigen Genesung unseres Spielers galt und ein Sinnbild funktionierender Dorf- und Vereinsgemeinschaft darstellt, in ein vermeintlich schlechtes Licht ger\u00fcckt wird. <strong>Unser ausdr\u00fccklicher Dank liegt bei allen Unterst\u00fctzerinnen und Unterst\u00fctzern dieser einzigartigen Aktion.<\/strong><\/p>\n\n\n\n<p>Wie schon in der Vergangenheit wird sich der FV Plittersdorf auch in Zukunft nicht an einer Berichterstattung jenseits der tats\u00e4chlichen Faktenlage beteiligen oder diese kommentieren. All unseren Gedanken sind auch weiterhin bei unserem Spieler, dem wir eine baldige und vollst\u00e4ndige Genesung w\u00fcnschen.<\/p>\n\n\n\n<p><strong>Du hast schon so viel f\u00fcr uns gehalten \u2013 jetzt halten wir dich!<\/strong><\/p>\n\n\n\n<figure class=\"wp-block-image size-full\"><img loading=\"lazy\" decoding=\"async\" width=\"923\" height=\"622\" src=\"https:\/\/fv-plittersdorf.de\/wp-content\/uploads\/2025\/07\/IMG-20250713-WA0015.jpg\" alt=\"\" class=\"wp-image-4337\" srcset=\"https:\/\/fv-plittersdorf.de\/wp-content\/uploads\/2025\/07\/IMG-20250713-WA0015.jpg 923w, https:\/\/fv-plittersdorf.de\/wp-content\/uploads\/2025\/07\/IMG-20250713-WA0015-300x202.jpg 300w, https:\/\/fv-plittersdorf.de\/wp-content\/uploads\/2025\/07\/IMG-20250713-WA0015-768x518.jpg 768w\" sizes=\"auto, (max-width: 923px) 100vw, 923px\" \/><\/figure>\n","protected":false},"excerpt":{"rendered":"<p>Am vergangenen Mittwoch, 03.12.2025, ver\u00f6ffentlichten die Badischen Neuesten Nachrichten, u.a. in ihrer Lokalausgabe f\u00fcr Rastatt, einen Artikel unter dem Titel &#8222;Pr\u00fcgelangriff auf Torwart: Ermittlungen eingestellt&#8220; sowie unter der \u00dcberschrift &#8222;Kein gutes Zeichen&#8220; einen dazugeh\u00f6rigen Kommentar. Beide Texte, die im Folgenden dargestellt sind, k\u00f6nnten bei den Lesern den Eindruck erweckt haben, dass der FV Germania Plittersdorf [&hellip;]<\/p>\n","protected":false},"author":1,"featured_media":0,"comment_status":"open","ping_status":"open","sticky":false,"template":"","format":"standard","meta":{"footnotes":""},"categories":[18],"tags":[],"class_list":{"0":"post-5092","1":"post","2":"type-post","3":"status-publish","4":"format-standard","6":"category-allgemeines","7":"czr-hentry"},"_links":{"self":[{"href":"https:\/\/fv-plittersdorf.de\/index.php\/wp-json\/wp\/v2\/posts\/5092","targetHints":{"allow":["GET"]}}],"collection":[{"href":"https:\/\/fv-plittersdorf.de\/index.php\/wp-json\/wp\/v2\/posts"}],"about":[{"href":"https:\/\/fv-plittersdorf.de\/index.php\/wp-json\/wp\/v2\/types\/post"}],"author":[{"embeddable":true,"href":"https:\/\/fv-plittersdorf.de\/index.php\/wp-json\/wp\/v2\/users\/1"}],"replies":[{"embeddable":true,"href":"https:\/\/fv-plittersdorf.de\/index.php\/wp-json\/wp\/v2\/comments?post=5092"}],"version-history":[{"count":1,"href":"https:\/\/fv-plittersdorf.de\/index.php\/wp-json\/wp\/v2\/posts\/5092\/revisions"}],"predecessor-version":[{"id":5097,"href":"https:\/\/fv-plittersdorf.de\/index.php\/wp-json\/wp\/v2\/posts\/5092\/revisions\/5097"}],"wp:attachment":[{"href":"https:\/\/fv-plittersdorf.de\/index.php\/wp-json\/wp\/v2\/media?parent=5092"}],"wp:term":[{"taxonomy":"category","embeddable":true,"href":"https:\/\/fv-plittersdorf.de\/index.php\/wp-json\/wp\/v2\/categories?post=5092"},{"taxonomy":"post_tag","embeddable":true,"href":"https:\/\/fv-plittersdorf.de\/index.php\/wp-json\/wp\/v2\/tags?post=5092"}],"curies":[{"name":"wp","href":"https:\/\/api.w.org\/{rel}","templated":true}]}}