{"id":4280,"date":"2025-07-01T15:48:58","date_gmt":"2025-07-01T15:48:58","guid":{"rendered":"https:\/\/fv-plittersdorf.de\/?p=4280"},"modified":"2025-07-01T15:50:52","modified_gmt":"2025-07-01T15:50:52","slug":"lenny-mueller-steigt-in-verbandsliga-auf","status":"publish","type":"post","link":"https:\/\/fv-plittersdorf.de\/index.php\/2025\/07\/01\/lenny-mueller-steigt-in-verbandsliga-auf\/","title":{"rendered":"Lenny M\u00fcller steigt in die Verbandsliga auf"},"content":{"rendered":"\n<p>Unser Schiedsrichter Lenny M\u00fcller hatte nach Ablauf der Saison allen Grund zu feiern, denn er schaffte den Aufstieg in die Verbandsliga. Noch vor zwei Jahren leitete er Spiele in der Bezirksliga und wusste hier bereits zu \u00fcberzeugen, so dass er nach einem Jahr den Aufstieg in die Landesliga schaffte.<\/p>\n\n\n\n<p>Auch hier konnte er von Beginn an durch ruhiges und souver\u00e4nes Auftreten beeindrucken, so dass er bei seinen Beobachtungen mit besten Noten bewertet wurde. &#8222;Trotz einer Verletzung in diesem Winter mit anschlie\u00dfendem Krankenhausaufenthalt war Aufgeben nie eine Option&#8220;, erkl\u00e4rt Lenny.<\/p>\n\n\n\n<p>Er k\u00e4mpfte sich zur\u00fcck und stand zu R\u00fcckrundenbeginn wieder auf dem Platz. Gute Leistungen waren hier wieder an der Tagesordnung und dies zahlte sich mit der Belohnung, dem Aufstieg in die Verbandsliga, aus. &#8222;F\u00fcr den FVP ist der Aufstieg ein tolles Ausrufezeichen und der Beweis daf\u00fcr, was man mit Ehrgeiz, harter Arbeit und Einstellung erreichen kann&#8220;, so Sportvorstand Dominik Haas.<\/p>\n\n\n\n<p>Bedanken m\u00f6chten sich Lenny besonders bei seinen Assistenten Marcellino Riehle, Viktor Loghin und Matthew Jackson und allen weiteren Assistenten, die ihn im letzten Jahr in der Landesliga begleitet haben. <\/p>\n\n\n\n<p>Auch Schiedsrichtereinteiler Torsten Mieling, der Lenny bis zur Bezirksliga unterst\u00fctzt hat, konnte dem Aufstieg nur beipflichten, da Lenny es sich redlich verdient hat. Auch er gratuliert ihm &#8211; wie der gesamte FV Plittersdorf &#8211; zu seinem Aufstieg. &#8222;Dies zeigt den guten Zusammenhalt der Schiedsrichter beim FVP&#8220;, so Torsten Mieling.<\/p>\n\n\n\n<p>Der Verein wird auch in Zukunft seine Schiedsrichter weiterhin auf deren Wegen unterst\u00fctzen und wir w\u00fcrden uns freuen weitere Schiedsrichter in unseren Reihen begr\u00fc\u00dfen zu d\u00fcrfen.<\/p>\n\n\n\n<figure class=\"wp-block-image size-large\"><a href=\"https:\/\/fv-plittersdorf.de\/wp-content\/uploads\/2025\/07\/IMG-20250630-WA0002.jpg\"><img loading=\"lazy\" decoding=\"async\" width=\"768\" height=\"1024\" src=\"https:\/\/fv-plittersdorf.de\/wp-content\/uploads\/2025\/07\/IMG-20250630-WA0002-768x1024.jpg\" alt=\"\" class=\"wp-image-4282\" srcset=\"https:\/\/fv-plittersdorf.de\/wp-content\/uploads\/2025\/07\/IMG-20250630-WA0002-768x1024.jpg 768w, https:\/\/fv-plittersdorf.de\/wp-content\/uploads\/2025\/07\/IMG-20250630-WA0002-225x300.jpg 225w, https:\/\/fv-plittersdorf.de\/wp-content\/uploads\/2025\/07\/IMG-20250630-WA0002-1152x1536.jpg 1152w, https:\/\/fv-plittersdorf.de\/wp-content\/uploads\/2025\/07\/IMG-20250630-WA0002.jpg 1500w\" sizes=\"auto, (max-width: 768px) 100vw, 768px\" \/><\/a><figcaption class=\"wp-element-caption\">Torsten Mieling, Lenny M\u00fcller und Dominik Haas (v.l.n.r.) beim gemeinsamen Fototermin.<\/figcaption><\/figure>\n","protected":false},"excerpt":{"rendered":"<p>Unser Schiedsrichter Lenny M\u00fcller hatte nach Ablauf der Saison allen Grund zu feiern, denn er schaffte den Aufstieg in die Verbandsliga. Noch vor zwei Jahren leitete er Spiele in der Bezirksliga und wusste hier bereits zu \u00fcberzeugen, so dass er nach einem Jahr den Aufstieg in die Landesliga schaffte. Auch hier konnte er von Beginn [&hellip;]<\/p>\n","protected":false},"author":1,"featured_media":0,"comment_status":"open","ping_status":"open","sticky":false,"template":"","format":"standard","meta":{"footnotes":""},"categories":[18,1],"tags":[],"class_list":{"0":"post-4280","1":"post","2":"type-post","3":"status-publish","4":"format-standard","6":"category-allgemeines","7":"category-uncategorized","8":"czr-hentry"},"_links":{"self":[{"href":"https:\/\/fv-plittersdorf.de\/index.php\/wp-json\/wp\/v2\/posts\/4280","targetHints":{"allow":["GET"]}}],"collection":[{"href":"https:\/\/fv-plittersdorf.de\/index.php\/wp-json\/wp\/v2\/posts"}],"about":[{"href":"https:\/\/fv-plittersdorf.de\/index.php\/wp-json\/wp\/v2\/types\/post"}],"author":[{"embeddable":true,"href":"https:\/\/fv-plittersdorf.de\/index.php\/wp-json\/wp\/v2\/users\/1"}],"replies":[{"embeddable":true,"href":"https:\/\/fv-plittersdorf.de\/index.php\/wp-json\/wp\/v2\/comments?post=4280"}],"version-history":[{"count":5,"href":"https:\/\/fv-plittersdorf.de\/index.php\/wp-json\/wp\/v2\/posts\/4280\/revisions"}],"predecessor-version":[{"id":4287,"href":"https:\/\/fv-plittersdorf.de\/index.php\/wp-json\/wp\/v2\/posts\/4280\/revisions\/4287"}],"wp:attachment":[{"href":"https:\/\/fv-plittersdorf.de\/index.php\/wp-json\/wp\/v2\/media?parent=4280"}],"wp:term":[{"taxonomy":"category","embeddable":true,"href":"https:\/\/fv-plittersdorf.de\/index.php\/wp-json\/wp\/v2\/categories?post=4280"},{"taxonomy":"post_tag","embeddable":true,"href":"https:\/\/fv-plittersdorf.de\/index.php\/wp-json\/wp\/v2\/tags?post=4280"}],"curies":[{"name":"wp","href":"https:\/\/api.w.org\/{rel}","templated":true}]}}