{"id":4000,"date":"2025-05-11T10:42:55","date_gmt":"2025-05-11T10:42:55","guid":{"rendered":"https:\/\/fv-plittersdorf.de\/?p=4000"},"modified":"2025-05-11T10:42:57","modified_gmt":"2025-05-11T10:42:57","slug":"routine-fuer-zweite-und-jugendlicher-elan-aus-der-a-jugend-fvp-praesentiert-die-ersten-neuzugaenge-fuer-die-saison-2025-2026","status":"publish","type":"post","link":"https:\/\/fv-plittersdorf.de\/index.php\/2025\/05\/11\/routine-fuer-zweite-und-jugendlicher-elan-aus-der-a-jugend-fvp-praesentiert-die-ersten-neuzugaenge-fuer-die-saison-2025-2026\/","title":{"rendered":"Routine f\u00fcr Zweite und jugendlicher Elan aus der A-Jugend: FVP pr\u00e4sentiert die ersten Neuzug\u00e4nge f\u00fcr die Saison 2025\/2026"},"content":{"rendered":"\n<p>In der kommenden Woche werden wir euch sukzessive unsere Neuzug\u00e4nge f\u00fcr die Saison 2025\/2026 vorstellen. Den Anfang machen wir mit zwei Routiniers, die der Abwehr unserer zweiten Mannschaft wieder mehr Stabilit\u00e4t verleihen sollen. Vom FV Ottersdorf kehrt <strong>Fabian Knabe<\/strong> (2. von links) zur\u00fcck ins Binsenfeld, vom FV Steinmauern konnten wir <strong>Bj\u00f6rn G\u00f6tz<\/strong> (2. von rechts) als Verst\u00e4rkung verpflichten. Sportvorstand Dominik Haas (links) und Spielausschuss Cedric M\u00fcller (rechts) durften die beiden beim obligatorischen Foto-Termin begr\u00fc\u00dfen. Herzlich Willkommen im Binsenfeld, Fabian und Bj\u00f6rn.<\/p>\n\n\n\n<figure class=\"wp-block-image size-large\"><a href=\"https:\/\/fv-plittersdorf.de\/wp-content\/uploads\/2025\/05\/KnabeGoetz_Zweite.jpg\"><img loading=\"lazy\" decoding=\"async\" width=\"1024\" height=\"918\" src=\"https:\/\/fv-plittersdorf.de\/wp-content\/uploads\/2025\/05\/KnabeGoetz_Zweite-1024x918.jpg\" alt=\"\" class=\"wp-image-4001\" srcset=\"https:\/\/fv-plittersdorf.de\/wp-content\/uploads\/2025\/05\/KnabeGoetz_Zweite-1024x918.jpg 1024w, https:\/\/fv-plittersdorf.de\/wp-content\/uploads\/2025\/05\/KnabeGoetz_Zweite-300x269.jpg 300w, https:\/\/fv-plittersdorf.de\/wp-content\/uploads\/2025\/05\/KnabeGoetz_Zweite-768x689.jpg 768w, https:\/\/fv-plittersdorf.de\/wp-content\/uploads\/2025\/05\/KnabeGoetz_Zweite-1536x1378.jpg 1536w, https:\/\/fv-plittersdorf.de\/wp-content\/uploads\/2025\/05\/KnabeGoetz_Zweite.jpg 1600w\" sizes=\"auto, (max-width: 1024px) 100vw, 1024px\" \/><\/a><\/figure>\n\n\n\n<p>Au\u00dferdem r\u00fccken zwei talentierte A-Jugendliche des FVP nun auch offiziell in den Kader der Herren auf. <strong>Max Berger<\/strong> (19, Torh\u00fcter) und <strong>Ferdinand Fritz<\/strong> (18, Mittelfeld) spielen in dieser Runde zus\u00e4tzlich zur A-Jugend, mit der sie um den Aufstieg k\u00e4mpfen, bereits in der zweiten Mannschaft und geh\u00f6ren dort zum Stammpersonal. &#8222;Max Berger hat seine St\u00e4rken im &#8222;Eins gegen eins&#8220; und zeichnet sich durch starke Reaktionen auf der Linie aus. Mit seiner Ruhe am Ball besitzt er ein Gesamtpaket, mit dem wir ihm als Torh\u00fcter ein sehr gute Entwicklung zutrauen&#8220;, wei\u00df Cedric M\u00fcller, Spielausschuss und verantwortlich f\u00fcr die zweite Mannschaft, zu berichten. Als &#8222;Spielzerst\u00f6rer&#8220; beschreibt unser Sportvorstand Dominik Haas Ferdinand Fritz und hebt damit auf die Tatsache ab, dass der Nachwuchsmann, der sich im zentralen Mittefeld am wohlsten f\u00fchlt, keinem Zweikampf aus dem Wege geht! Wir freuen uns, dass die beiden Youngster nun in den Herrenbereich aufr\u00fccken und ihre Qualit\u00e4t und Mentalit\u00e4t dort einbringen werden.<\/p>\n\n\n\n<figure class=\"wp-block-gallery has-nested-images columns-default is-cropped wp-block-gallery-1 is-layout-flex wp-block-gallery-is-layout-flex\">\n<figure class=\"wp-block-image size-large\"><a href=\"https:\/\/fv-plittersdorf.de\/wp-content\/uploads\/2025\/05\/Berger_A-jgd.jpg\"><img loading=\"lazy\" decoding=\"async\" width=\"673\" height=\"1024\" data-id=\"4002\" src=\"https:\/\/fv-plittersdorf.de\/wp-content\/uploads\/2025\/05\/Berger_A-jgd-673x1024.jpg\" alt=\"\" class=\"wp-image-4002\" srcset=\"https:\/\/fv-plittersdorf.de\/wp-content\/uploads\/2025\/05\/Berger_A-jgd-673x1024.jpg 673w, https:\/\/fv-plittersdorf.de\/wp-content\/uploads\/2025\/05\/Berger_A-jgd-197x300.jpg 197w, https:\/\/fv-plittersdorf.de\/wp-content\/uploads\/2025\/05\/Berger_A-jgd-768x1168.jpg 768w, https:\/\/fv-plittersdorf.de\/wp-content\/uploads\/2025\/05\/Berger_A-jgd-1010x1536.jpg 1010w, https:\/\/fv-plittersdorf.de\/wp-content\/uploads\/2025\/05\/Berger_A-jgd.jpg 1051w\" sizes=\"auto, (max-width: 673px) 100vw, 673px\" \/><\/a><figcaption class=\"wp-element-caption\">Dominik Haas und Max Berger (rechts)<\/figcaption><\/figure>\n\n\n\n<figure class=\"wp-block-image size-large\"><a href=\"https:\/\/fv-plittersdorf.de\/wp-content\/uploads\/2025\/05\/Fritz_A-Jgd-scaled.jpg\"><img loading=\"lazy\" decoding=\"async\" width=\"678\" height=\"1024\" data-id=\"4003\" src=\"https:\/\/fv-plittersdorf.de\/wp-content\/uploads\/2025\/05\/Fritz_A-Jgd-678x1024.jpg\" alt=\"\" class=\"wp-image-4003\" srcset=\"https:\/\/fv-plittersdorf.de\/wp-content\/uploads\/2025\/05\/Fritz_A-Jgd-678x1024.jpg 678w, https:\/\/fv-plittersdorf.de\/wp-content\/uploads\/2025\/05\/Fritz_A-Jgd-199x300.jpg 199w, https:\/\/fv-plittersdorf.de\/wp-content\/uploads\/2025\/05\/Fritz_A-Jgd-768x1160.jpg 768w, https:\/\/fv-plittersdorf.de\/wp-content\/uploads\/2025\/05\/Fritz_A-Jgd-1017x1536.jpg 1017w, https:\/\/fv-plittersdorf.de\/wp-content\/uploads\/2025\/05\/Fritz_A-Jgd-1356x2048.jpg 1356w, https:\/\/fv-plittersdorf.de\/wp-content\/uploads\/2025\/05\/Fritz_A-Jgd-scaled.jpg 1695w\" sizes=\"auto, (max-width: 678px) 100vw, 678px\" \/><\/a><figcaption class=\"wp-element-caption\">Dominik Haas und Ferdinand Fritz (rechts)<\/figcaption><\/figure>\n<\/figure>\n\n\n\n<p><\/p>\n","protected":false},"excerpt":{"rendered":"<p>In der kommenden Woche werden wir euch sukzessive unsere Neuzug\u00e4nge f\u00fcr die Saison 2025\/2026 vorstellen. Den Anfang machen wir mit zwei Routiniers, die der Abwehr unserer zweiten Mannschaft wieder mehr Stabilit\u00e4t verleihen sollen. Vom FV Ottersdorf kehrt Fabian Knabe (2. von links) zur\u00fcck ins Binsenfeld, vom FV Steinmauern konnten wir Bj\u00f6rn G\u00f6tz (2. von rechts) [&hellip;]<\/p>\n","protected":false},"author":1,"featured_media":0,"comment_status":"open","ping_status":"open","sticky":false,"template":"","format":"standard","meta":{"footnotes":""},"categories":[23],"tags":[],"class_list":{"0":"post-4000","1":"post","2":"type-post","3":"status-publish","4":"format-standard","6":"category-kreisliga-saison-2024-2025","7":"czr-hentry"},"_links":{"self":[{"href":"https:\/\/fv-plittersdorf.de\/index.php\/wp-json\/wp\/v2\/posts\/4000","targetHints":{"allow":["GET"]}}],"collection":[{"href":"https:\/\/fv-plittersdorf.de\/index.php\/wp-json\/wp\/v2\/posts"}],"about":[{"href":"https:\/\/fv-plittersdorf.de\/index.php\/wp-json\/wp\/v2\/types\/post"}],"author":[{"embeddable":true,"href":"https:\/\/fv-plittersdorf.de\/index.php\/wp-json\/wp\/v2\/users\/1"}],"replies":[{"embeddable":true,"href":"https:\/\/fv-plittersdorf.de\/index.php\/wp-json\/wp\/v2\/comments?post=4000"}],"version-history":[{"count":1,"href":"https:\/\/fv-plittersdorf.de\/index.php\/wp-json\/wp\/v2\/posts\/4000\/revisions"}],"predecessor-version":[{"id":4004,"href":"https:\/\/fv-plittersdorf.de\/index.php\/wp-json\/wp\/v2\/posts\/4000\/revisions\/4004"}],"wp:attachment":[{"href":"https:\/\/fv-plittersdorf.de\/index.php\/wp-json\/wp\/v2\/media?parent=4000"}],"wp:term":[{"taxonomy":"category","embeddable":true,"href":"https:\/\/fv-plittersdorf.de\/index.php\/wp-json\/wp\/v2\/categories?post=4000"},{"taxonomy":"post_tag","embeddable":true,"href":"https:\/\/fv-plittersdorf.de\/index.php\/wp-json\/wp\/v2\/tags?post=4000"}],"curies":[{"name":"wp","href":"https:\/\/api.w.org\/{rel}","templated":true}]}}