{"id":3624,"date":"2025-01-28T20:39:20","date_gmt":"2025-01-28T20:39:20","guid":{"rendered":"https:\/\/fv-plittersdorf.de\/?p=3624"},"modified":"2025-01-28T20:40:09","modified_gmt":"2025-01-28T20:40:09","slug":"zwischenrunde-der-hallenbezirksmeisterschaften-der-junioren-am-vergangenen-wochenende","status":"publish","type":"post","link":"https:\/\/fv-plittersdorf.de\/index.php\/2025\/01\/28\/zwischenrunde-der-hallenbezirksmeisterschaften-der-junioren-am-vergangenen-wochenende\/","title":{"rendered":"Zwischenrunde der Hallenbezirksmeisterschaften der Junioren am vergangenen Wochenende"},"content":{"rendered":"\n<p>Am vergangenen Wochenende fand in Bietigheim und Ottenau die Vor- bzw. Zwischenrunde der Hallenbezirksmeisterschaften der Junioren*innen statt. In Bietigheim k\u00e4mpften am Samstag-Vormittag unsere D-Junioren um den Einzug in die Endrunde, wo sie in einer starken Gruppe mit Gegnern aus Sinzheim, Kuppenheim, W\u00fcrmersheim, Lauf und den Gastgebern leider sieg- und punktlos blieben. Besser machten es am Nachmittag unsere C-Junioren in Ottenau, die sich nach drei Siegen, einem Remis und nur einer Niederlage zusammen mit dem VfB B\u00fchl und dem VfB Gaggenau f\u00fcr die anstehende Finalrunde qualifizierten.<\/p>\n\n\n\n<p>Am Sonntag spielten unsere C-Juniorinnen ihre Vorrunde in Bietigheim aus. Die Plittersdorfer M\u00e4dchen zeigten tolle Spiele und erk\u00e4mpften sich zwei Unentschieden (gegen Baden-Oos und Achern). Aufgrund zweier knapper 0:1-Niederlagen gegen Obersasbach und Muggensturm erreichte das Team leider nur Platz 4, der nicht zum Einzug in die Finalrunde gen\u00fcgte.<\/p>\n\n\n\n<p>Somit stehen am Samstag, 08.02.2025, unsere C-Junioren sowie unsere A-Junioren in der Endrunde der Hallenbezirksmeisterschaften, die in der Mittelberghalle in B\u00fchlertal ausgetragen wird. Ab 9 Uhr k\u00e4mpfen die C-Junioren gegen die Teams aus Achern, Kuppenheim, Sinzheim, B\u00fchl und Gaggenau um den Titel; um 16 Uhr messen sich dann unsere A-Junioren mit den Mannschaften aus Kappelrodeck-Waldulm, Muggensturm, W\u00fcrmersheim, Kuppenheim und Sinzheim. Wir dr\u00fccken beiden Teams die Daumen f\u00fcr ihre Spiele. <\/p>\n","protected":false},"excerpt":{"rendered":"<p>Am vergangenen Wochenende fand in Bietigheim und Ottenau die Vor- bzw. Zwischenrunde der Hallenbezirksmeisterschaften der Junioren*innen statt. In Bietigheim k\u00e4mpften am Samstag-Vormittag unsere D-Junioren um den Einzug in die Endrunde, wo sie in einer starken Gruppe mit Gegnern aus Sinzheim, Kuppenheim, W\u00fcrmersheim, Lauf und den Gastgebern leider sieg- und punktlos blieben. Besser machten es am [&hellip;]<\/p>\n","protected":false},"author":1,"featured_media":0,"comment_status":"open","ping_status":"open","sticky":false,"template":"","format":"standard","meta":{"footnotes":""},"categories":[20],"tags":[],"class_list":{"0":"post-3624","1":"post","2":"type-post","3":"status-publish","4":"format-standard","6":"category-jugendabteilung","7":"czr-hentry"},"_links":{"self":[{"href":"https:\/\/fv-plittersdorf.de\/index.php\/wp-json\/wp\/v2\/posts\/3624","targetHints":{"allow":["GET"]}}],"collection":[{"href":"https:\/\/fv-plittersdorf.de\/index.php\/wp-json\/wp\/v2\/posts"}],"about":[{"href":"https:\/\/fv-plittersdorf.de\/index.php\/wp-json\/wp\/v2\/types\/post"}],"author":[{"embeddable":true,"href":"https:\/\/fv-plittersdorf.de\/index.php\/wp-json\/wp\/v2\/users\/1"}],"replies":[{"embeddable":true,"href":"https:\/\/fv-plittersdorf.de\/index.php\/wp-json\/wp\/v2\/comments?post=3624"}],"version-history":[{"count":2,"href":"https:\/\/fv-plittersdorf.de\/index.php\/wp-json\/wp\/v2\/posts\/3624\/revisions"}],"predecessor-version":[{"id":3626,"href":"https:\/\/fv-plittersdorf.de\/index.php\/wp-json\/wp\/v2\/posts\/3624\/revisions\/3626"}],"wp:attachment":[{"href":"https:\/\/fv-plittersdorf.de\/index.php\/wp-json\/wp\/v2\/media?parent=3624"}],"wp:term":[{"taxonomy":"category","embeddable":true,"href":"https:\/\/fv-plittersdorf.de\/index.php\/wp-json\/wp\/v2\/categories?post=3624"},{"taxonomy":"post_tag","embeddable":true,"href":"https:\/\/fv-plittersdorf.de\/index.php\/wp-json\/wp\/v2\/tags?post=3624"}],"curies":[{"name":"wp","href":"https:\/\/api.w.org\/{rel}","templated":true}]}}