{"id":3621,"date":"2025-01-26T21:13:59","date_gmt":"2025-01-26T21:13:59","guid":{"rendered":"https:\/\/fv-plittersdorf.de\/?p=3621"},"modified":"2025-01-28T20:22:54","modified_gmt":"2025-01-28T20:22:54","slug":"transfernews-raphael-ebner-verstaerkt-den-fvp-ab-sofort","status":"publish","type":"post","link":"https:\/\/fv-plittersdorf.de\/index.php\/2025\/01\/26\/transfernews-raphael-ebner-verstaerkt-den-fvp-ab-sofort\/","title":{"rendered":"Transfernews: Raphael Ebner verst\u00e4rkt den FVP ab sofort"},"content":{"rendered":"\n<p>Raphael Ebner wird den FVP ab sofort auf der Au\u00dfenverteidiger-Position verst\u00e4rken. Raphael kommt vom SV Kuppenheim zur\u00fcck nach Plittersdorf, wo er seine ersten fu\u00dfballerischen Schritte gegangen war. In der D-Jugend wechselte er dann nach Kuppenheim. Im W\u00f6rtel konnte der talentierte Linksfu\u00df zuletzt Erfahrungen in der A-Jugend-Verbandsliga sowie in der laufenden Runde in der zweiten Mannschaft der 08er sammeln. &#8222;Wir freuen uns sehr, dass mit Raphael ein weiteres Eigengew\u00e4chs seine Kickschuhe wieder f\u00fcr den FVP schn\u00fcren wird&#8220;, so Spielausschuss Heiko Bergmaier.<\/p>\n\n\n<div class=\"wp-block-image\">\n<figure class=\"aligncenter size-large\"><a href=\"https:\/\/fv-plittersdorf.de\/wp-content\/uploads\/2025\/01\/IMG-20250123-WA0003.jpg\"><img loading=\"lazy\" decoding=\"async\" width=\"768\" height=\"1024\" src=\"https:\/\/fv-plittersdorf.de\/wp-content\/uploads\/2025\/01\/IMG-20250123-WA0003-768x1024.jpg\" alt=\"\" class=\"wp-image-3622\" srcset=\"https:\/\/fv-plittersdorf.de\/wp-content\/uploads\/2025\/01\/IMG-20250123-WA0003-768x1024.jpg 768w, https:\/\/fv-plittersdorf.de\/wp-content\/uploads\/2025\/01\/IMG-20250123-WA0003-225x300.jpg 225w, https:\/\/fv-plittersdorf.de\/wp-content\/uploads\/2025\/01\/IMG-20250123-WA0003-1152x1536.jpg 1152w, https:\/\/fv-plittersdorf.de\/wp-content\/uploads\/2025\/01\/IMG-20250123-WA0003.jpg 1200w\" sizes=\"auto, (max-width: 768px) 100vw, 768px\" \/><\/a><\/figure>\n<\/div>","protected":false},"excerpt":{"rendered":"<p>Raphael Ebner wird den FVP ab sofort auf der Au\u00dfenverteidiger-Position verst\u00e4rken. Raphael kommt vom SV Kuppenheim zur\u00fcck nach Plittersdorf, wo er seine ersten fu\u00dfballerischen Schritte gegangen war. In der D-Jugend wechselte er dann nach Kuppenheim. Im W\u00f6rtel konnte der talentierte Linksfu\u00df zuletzt Erfahrungen in der A-Jugend-Verbandsliga sowie in der laufenden Runde in der zweiten Mannschaft [&hellip;]<\/p>\n","protected":false},"author":1,"featured_media":0,"comment_status":"open","ping_status":"open","sticky":false,"template":"","format":"standard","meta":{"footnotes":""},"categories":[23],"tags":[],"class_list":{"0":"post-3621","1":"post","2":"type-post","3":"status-publish","4":"format-standard","6":"category-kreisliga-saison-2024-2025","7":"czr-hentry"},"_links":{"self":[{"href":"https:\/\/fv-plittersdorf.de\/index.php\/wp-json\/wp\/v2\/posts\/3621","targetHints":{"allow":["GET"]}}],"collection":[{"href":"https:\/\/fv-plittersdorf.de\/index.php\/wp-json\/wp\/v2\/posts"}],"about":[{"href":"https:\/\/fv-plittersdorf.de\/index.php\/wp-json\/wp\/v2\/types\/post"}],"author":[{"embeddable":true,"href":"https:\/\/fv-plittersdorf.de\/index.php\/wp-json\/wp\/v2\/users\/1"}],"replies":[{"embeddable":true,"href":"https:\/\/fv-plittersdorf.de\/index.php\/wp-json\/wp\/v2\/comments?post=3621"}],"version-history":[{"count":1,"href":"https:\/\/fv-plittersdorf.de\/index.php\/wp-json\/wp\/v2\/posts\/3621\/revisions"}],"predecessor-version":[{"id":3623,"href":"https:\/\/fv-plittersdorf.de\/index.php\/wp-json\/wp\/v2\/posts\/3621\/revisions\/3623"}],"wp:attachment":[{"href":"https:\/\/fv-plittersdorf.de\/index.php\/wp-json\/wp\/v2\/media?parent=3621"}],"wp:term":[{"taxonomy":"category","embeddable":true,"href":"https:\/\/fv-plittersdorf.de\/index.php\/wp-json\/wp\/v2\/categories?post=3621"},{"taxonomy":"post_tag","embeddable":true,"href":"https:\/\/fv-plittersdorf.de\/index.php\/wp-json\/wp\/v2\/tags?post=3621"}],"curies":[{"name":"wp","href":"https:\/\/api.w.org\/{rel}","templated":true}]}}