{"id":3613,"date":"2025-01-14T20:59:28","date_gmt":"2025-01-14T20:59:28","guid":{"rendered":"https:\/\/fv-plittersdorf.de\/?p=3613"},"modified":"2025-01-14T20:59:29","modified_gmt":"2025-01-14T20:59:29","slug":"trainer-oliver-herrmann-und-der-fvp-beenden-die-zusammenarbeit-zum-saisonende","status":"publish","type":"post","link":"https:\/\/fv-plittersdorf.de\/index.php\/2025\/01\/14\/trainer-oliver-herrmann-und-der-fvp-beenden-die-zusammenarbeit-zum-saisonende\/","title":{"rendered":"Trainer Oliver Herrmann und der FVP beenden die Zusammenarbeit zum Saisonende"},"content":{"rendered":"\n<p>Nach mehr als zweij\u00e4hriger Zusammenarbeit werden Trainer Oliver Herrmann und der FV Plittersdorf am Saisonende getrennte Wege gehen. Zu diesem Entschluss kamen die Plittersdorfer Verantwortlichen nach l\u00e4ngeren Gespr\u00e4chen mit dem Coach der ersten Mannschaft. &#8222;Wir haben unseren Kader in den vergangenen Jahren verj\u00fcngt und zahlreiche neue Impulse gesetzt. Nichtsdestotrotz waren wir der Meinung, dass wir zum jetzigen Zeitpunkt nochmals frischen Wind in das Team bringen m\u00fcssen&#8220;, begr\u00fcndet Spielausschuss Heiko Bergmaier den Trainerwechsel am Saisonende. <\/p>\n\n\n\n<p>Bis dahin wollen Verein und Trainer die bis dato gute und positive Zusammenarbeit fortsetzen. Oliver Herrmann hatte die 1. Mannschaft des FVP im April 2023 in einer sportlich extrem schwierigen Situation \u00fcbernommen und mit dem Team den drohenden Absturz in die B-Klasse verhindert. In der Saison 2023\/2024 f\u00fchrte er die Rieder zum vorzeitigen Klassenerhalt. Auch in der laufenden Spielzeit befinden sich die Schwarzgelben auf einem guten Weg in Richtung fr\u00fchzeitigem Klassenerhalt &#8211; ein Ziel, das Mannschaft und Trainer in den verbleibenden Spielen der R\u00fcckrunde mit Nachdruck verfolgen werden.<\/p>\n\n\n\n<figure class=\"wp-block-image size-large\"><a href=\"https:\/\/fv-plittersdorf.de\/wp-content\/uploads\/2023\/11\/DSC03224-scaled.jpg\"><img loading=\"lazy\" decoding=\"async\" width=\"768\" height=\"1024\" src=\"https:\/\/fv-plittersdorf.de\/wp-content\/uploads\/2023\/11\/DSC03224-768x1024.jpg\" alt=\"\" class=\"wp-image-2349\" srcset=\"https:\/\/fv-plittersdorf.de\/wp-content\/uploads\/2023\/11\/DSC03224-768x1024.jpg 768w, https:\/\/fv-plittersdorf.de\/wp-content\/uploads\/2023\/11\/DSC03224-225x300.jpg 225w, https:\/\/fv-plittersdorf.de\/wp-content\/uploads\/2023\/11\/DSC03224-1152x1536.jpg 1152w, https:\/\/fv-plittersdorf.de\/wp-content\/uploads\/2023\/11\/DSC03224-1536x2048.jpg 1536w, https:\/\/fv-plittersdorf.de\/wp-content\/uploads\/2023\/11\/DSC03224-scaled.jpg 1920w\" sizes=\"auto, (max-width: 768px) 100vw, 768px\" \/><\/a><\/figure>\n\n\n\n<p> <\/p>\n","protected":false},"excerpt":{"rendered":"<p>Nach mehr als zweij\u00e4hriger Zusammenarbeit werden Trainer Oliver Herrmann und der FV Plittersdorf am Saisonende getrennte Wege gehen. Zu diesem Entschluss kamen die Plittersdorfer Verantwortlichen nach l\u00e4ngeren Gespr\u00e4chen mit dem Coach der ersten Mannschaft. &#8222;Wir haben unseren Kader in den vergangenen Jahren verj\u00fcngt und zahlreiche neue Impulse gesetzt. Nichtsdestotrotz waren wir der Meinung, dass wir [&hellip;]<\/p>\n","protected":false},"author":1,"featured_media":0,"comment_status":"open","ping_status":"open","sticky":false,"template":"","format":"standard","meta":{"footnotes":""},"categories":[23],"tags":[],"class_list":{"0":"post-3613","1":"post","2":"type-post","3":"status-publish","4":"format-standard","6":"category-kreisliga-saison-2024-2025","7":"czr-hentry"},"_links":{"self":[{"href":"https:\/\/fv-plittersdorf.de\/index.php\/wp-json\/wp\/v2\/posts\/3613","targetHints":{"allow":["GET"]}}],"collection":[{"href":"https:\/\/fv-plittersdorf.de\/index.php\/wp-json\/wp\/v2\/posts"}],"about":[{"href":"https:\/\/fv-plittersdorf.de\/index.php\/wp-json\/wp\/v2\/types\/post"}],"author":[{"embeddable":true,"href":"https:\/\/fv-plittersdorf.de\/index.php\/wp-json\/wp\/v2\/users\/1"}],"replies":[{"embeddable":true,"href":"https:\/\/fv-plittersdorf.de\/index.php\/wp-json\/wp\/v2\/comments?post=3613"}],"version-history":[{"count":1,"href":"https:\/\/fv-plittersdorf.de\/index.php\/wp-json\/wp\/v2\/posts\/3613\/revisions"}],"predecessor-version":[{"id":3614,"href":"https:\/\/fv-plittersdorf.de\/index.php\/wp-json\/wp\/v2\/posts\/3613\/revisions\/3614"}],"wp:attachment":[{"href":"https:\/\/fv-plittersdorf.de\/index.php\/wp-json\/wp\/v2\/media?parent=3613"}],"wp:term":[{"taxonomy":"category","embeddable":true,"href":"https:\/\/fv-plittersdorf.de\/index.php\/wp-json\/wp\/v2\/categories?post=3613"},{"taxonomy":"post_tag","embeddable":true,"href":"https:\/\/fv-plittersdorf.de\/index.php\/wp-json\/wp\/v2\/tags?post=3613"}],"curies":[{"name":"wp","href":"https:\/\/api.w.org\/{rel}","templated":true}]}}