{"id":3313,"date":"2024-10-23T03:15:25","date_gmt":"2024-10-23T03:15:25","guid":{"rendered":"https:\/\/fv-plittersdorf.de\/?p=3313"},"modified":"2024-10-23T03:17:43","modified_gmt":"2024-10-23T03:17:43","slug":"remis-fuer-erste-mannschaft-niederlage-fuer-zweite-suboptimale-ausbeute-am-vergangenen-heimspieltag","status":"publish","type":"post","link":"https:\/\/fv-plittersdorf.de\/index.php\/2024\/10\/23\/remis-fuer-erste-mannschaft-niederlage-fuer-zweite-suboptimale-ausbeute-am-vergangenen-heimspieltag\/","title":{"rendered":"Remis f\u00fcr erste Mannschaft, Niederlage f\u00fcr Zweite: suboptimale Ausbeute am vergangenen Heimspieltag"},"content":{"rendered":"\n<p><strong>FV Plittersdorf &#8211; FV Baden-Oos 1:1 (0:1)<\/strong><\/p>\n\n\n\n<p>Nach der ungl\u00fccklichen und knappen Niederlage in Iffezheim vom vergangenen Wochenende verpasste die Elf von Coach Oliver Herrmann im Heimspiel gegen den FV Baden-Oos einen dreifachen Punktgewinn. Auf einem tiefen Platz im Binsenfeld leisteten sich die Hausherren im ersten Durchgang einige einfache Ballverluste und Unsicherheiten in der Defensive. Zun\u00e4chst konnte der sehr sichere Keeper Thomas Wahl noch in h\u00f6chster Not retten, nach 21 Spielminuten war jedoch auch er geschlagen, sodass Baden-Oos mit einem 1:0-Vorsprung in die Pause ging.<\/p>\n\n\n\n<p>In der Offensive kamen die Kreativspieler um Cleo Fritz und Patrice Blettermann zu selten zur Geltung. Klare Torchancen waren Mangelware, obwohl die Schwarz-Gelben mehr Ballbesitz hatten. Erst nach einer knappen Stunde schaltete die Mannschaft einen Gang hoch und konnte durch einen zweifelhaften Elfmeter, den Adrian Pop sicher verwandelte, ausgleichen. Als der FVP auf den Siegtreffer dr\u00fccken wollte, wurde dieses Unterfangen nach 77 Minuten j\u00e4h gestoppt, als Kapit\u00e4n Moritz Lehre nach einer Notbremse ungl\u00fccklich des Feldes verwiesen wurde. Da der f\u00e4llige Freisto\u00df nichts einbrachte und die Rieder die G\u00e4ste nicht mehr gef\u00e4hrlich vor das eigene Tor kommen lie\u00dfen, mussten beide Seiten mit dem Remis leben.<\/p>\n\n\n\n<figure class=\"wp-block-gallery has-nested-images columns-default is-cropped wp-block-gallery-1 is-layout-flex wp-block-gallery-is-layout-flex\">\n<figure class=\"wp-block-image size-large\"><a href=\"https:\/\/fv-plittersdorf.de\/wp-content\/uploads\/2024\/10\/IMG-20241020-WA0013.jpg\"><img loading=\"lazy\" decoding=\"async\" width=\"768\" height=\"1024\" data-id=\"3300\" src=\"https:\/\/fv-plittersdorf.de\/wp-content\/uploads\/2024\/10\/IMG-20241020-WA0013-768x1024.jpg\" alt=\"\" class=\"wp-image-3300\" srcset=\"https:\/\/fv-plittersdorf.de\/wp-content\/uploads\/2024\/10\/IMG-20241020-WA0013-768x1024.jpg 768w, https:\/\/fv-plittersdorf.de\/wp-content\/uploads\/2024\/10\/IMG-20241020-WA0013-225x300.jpg 225w, https:\/\/fv-plittersdorf.de\/wp-content\/uploads\/2024\/10\/IMG-20241020-WA0013-1152x1536.jpg 1152w, https:\/\/fv-plittersdorf.de\/wp-content\/uploads\/2024\/10\/IMG-20241020-WA0013.jpg 1200w\" sizes=\"auto, (max-width: 768px) 100vw, 768px\" \/><\/a><\/figure>\n\n\n\n<figure class=\"wp-block-image size-large\"><a href=\"https:\/\/fv-plittersdorf.de\/wp-content\/uploads\/2024\/10\/IMG-20241020-WA0007.jpg\"><img loading=\"lazy\" decoding=\"async\" width=\"768\" height=\"1024\" data-id=\"3295\" src=\"https:\/\/fv-plittersdorf.de\/wp-content\/uploads\/2024\/10\/IMG-20241020-WA0007-768x1024.jpg\" alt=\"\" class=\"wp-image-3295\" srcset=\"https:\/\/fv-plittersdorf.de\/wp-content\/uploads\/2024\/10\/IMG-20241020-WA0007-768x1024.jpg 768w, https:\/\/fv-plittersdorf.de\/wp-content\/uploads\/2024\/10\/IMG-20241020-WA0007-225x300.jpg 225w, https:\/\/fv-plittersdorf.de\/wp-content\/uploads\/2024\/10\/IMG-20241020-WA0007-1152x1536.jpg 1152w, https:\/\/fv-plittersdorf.de\/wp-content\/uploads\/2024\/10\/IMG-20241020-WA0007.jpg 1200w\" sizes=\"auto, (max-width: 768px) 100vw, 768px\" \/><\/a><\/figure>\n\n\n\n<figure class=\"wp-block-image size-large\"><a href=\"https:\/\/fv-plittersdorf.de\/wp-content\/uploads\/2024\/10\/IMG-20241020-WA0012.jpg\"><img loading=\"lazy\" decoding=\"async\" width=\"768\" height=\"1024\" data-id=\"3299\" src=\"https:\/\/fv-plittersdorf.de\/wp-content\/uploads\/2024\/10\/IMG-20241020-WA0012-768x1024.jpg\" alt=\"\" class=\"wp-image-3299\" srcset=\"https:\/\/fv-plittersdorf.de\/wp-content\/uploads\/2024\/10\/IMG-20241020-WA0012-768x1024.jpg 768w, https:\/\/fv-plittersdorf.de\/wp-content\/uploads\/2024\/10\/IMG-20241020-WA0012-225x300.jpg 225w, https:\/\/fv-plittersdorf.de\/wp-content\/uploads\/2024\/10\/IMG-20241020-WA0012-1152x1536.jpg 1152w, https:\/\/fv-plittersdorf.de\/wp-content\/uploads\/2024\/10\/IMG-20241020-WA0012.jpg 1200w\" sizes=\"auto, (max-width: 768px) 100vw, 768px\" \/><\/a><\/figure>\n<\/figure>\n\n\n\n<p><strong>FV Plittersdorf II &#8211; FV Baden-Oos II 0:3 (0:1)<\/strong><\/p>\n\n\n\n<p>Die zweite Mannschaft des FVP erwischte einen rabenschwarzen Tag und handelte sich gegen das bisherige Schlusslicht eine 0:3-Heimniederlage ein. Somit konnte das Team von Trainer Sven Wichmann die erfolgreiche englische Woche mit dem Punktgewinn in Iffezheim sowie dem 3:0 Ausw\u00e4rtssieg in Rotenfels am Mittwoch nicht vergolden. Eine mangelhafte Chancenverwertung und zu wenig Engagement im Zweikampfverhalten f\u00fchrten schlussendlich zur klaren Pleite.<\/p>\n\n\n\n<p><strong>Ausblick<\/strong>: Am kommenden Sonntag, 27.10. stehen f\u00fcr die FVP-Teams erneut Heimspiele an. Um 13:00 Uhr gastiert die dritte Mannschaft des TuS H\u00fcgelsheim im Binsenfeld, im Anschluss ab 15 Uhr erwartet unsere erste Mannschaft dann den FV W\u00fcrmersheim II.<\/p>\n\n\n\n<figure class=\"wp-block-image size-full\"><img loading=\"lazy\" decoding=\"async\" width=\"677\" height=\"731\" src=\"https:\/\/fv-plittersdorf.de\/wp-content\/uploads\/2024\/10\/Heimspiel-Wuermersheim-1.png\" alt=\"\" class=\"wp-image-3314\" srcset=\"https:\/\/fv-plittersdorf.de\/wp-content\/uploads\/2024\/10\/Heimspiel-Wuermersheim-1.png 677w, https:\/\/fv-plittersdorf.de\/wp-content\/uploads\/2024\/10\/Heimspiel-Wuermersheim-1-278x300.png 278w\" sizes=\"auto, (max-width: 677px) 100vw, 677px\" \/><\/figure>\n","protected":false},"excerpt":{"rendered":"<p>FV Plittersdorf &#8211; FV Baden-Oos 1:1 (0:1) Nach der ungl\u00fccklichen und knappen Niederlage in Iffezheim vom vergangenen Wochenende verpasste die Elf von Coach Oliver Herrmann im Heimspiel gegen den FV Baden-Oos einen dreifachen Punktgewinn. Auf einem tiefen Platz im Binsenfeld leisteten sich die Hausherren im ersten Durchgang einige einfache Ballverluste und Unsicherheiten in der Defensive. [&hellip;]<\/p>\n","protected":false},"author":1,"featured_media":0,"comment_status":"open","ping_status":"open","sticky":false,"template":"","format":"standard","meta":{"footnotes":""},"categories":[23],"tags":[],"class_list":{"0":"post-3313","1":"post","2":"type-post","3":"status-publish","4":"format-standard","6":"category-kreisliga-saison-2024-2025","7":"czr-hentry"},"_links":{"self":[{"href":"https:\/\/fv-plittersdorf.de\/index.php\/wp-json\/wp\/v2\/posts\/3313","targetHints":{"allow":["GET"]}}],"collection":[{"href":"https:\/\/fv-plittersdorf.de\/index.php\/wp-json\/wp\/v2\/posts"}],"about":[{"href":"https:\/\/fv-plittersdorf.de\/index.php\/wp-json\/wp\/v2\/types\/post"}],"author":[{"embeddable":true,"href":"https:\/\/fv-plittersdorf.de\/index.php\/wp-json\/wp\/v2\/users\/1"}],"replies":[{"embeddable":true,"href":"https:\/\/fv-plittersdorf.de\/index.php\/wp-json\/wp\/v2\/comments?post=3313"}],"version-history":[{"count":2,"href":"https:\/\/fv-plittersdorf.de\/index.php\/wp-json\/wp\/v2\/posts\/3313\/revisions"}],"predecessor-version":[{"id":3317,"href":"https:\/\/fv-plittersdorf.de\/index.php\/wp-json\/wp\/v2\/posts\/3313\/revisions\/3317"}],"wp:attachment":[{"href":"https:\/\/fv-plittersdorf.de\/index.php\/wp-json\/wp\/v2\/media?parent=3313"}],"wp:term":[{"taxonomy":"category","embeddable":true,"href":"https:\/\/fv-plittersdorf.de\/index.php\/wp-json\/wp\/v2\/categories?post=3313"},{"taxonomy":"post_tag","embeddable":true,"href":"https:\/\/fv-plittersdorf.de\/index.php\/wp-json\/wp\/v2\/tags?post=3313"}],"curies":[{"name":"wp","href":"https:\/\/api.w.org\/{rel}","templated":true}]}}