{"id":2907,"date":"2024-06-18T20:14:24","date_gmt":"2024-06-18T20:14:24","guid":{"rendered":"https:\/\/fv-plittersdorf.de\/?p=2907"},"modified":"2024-06-18T20:14:24","modified_gmt":"2024-06-18T20:14:24","slug":"trainerfrage-geloest-sven-wichmann-und-tamino-schneider-uebernehmen-team-2","status":"publish","type":"post","link":"https:\/\/fv-plittersdorf.de\/index.php\/2024\/06\/18\/trainerfrage-geloest-sven-wichmann-und-tamino-schneider-uebernehmen-team-2\/","title":{"rendered":"Trainerfrage gel\u00f6st: Sven Wichmann und Tamino Schneider \u00fcbernehmen Team 2!"},"content":{"rendered":"\n<p>Nach einer nicht ganz einfachen Trainersuche konnte f\u00fcr unsere zweite Mannschaft nun eine interne L\u00f6sung f\u00fcr die kommende Saison gefunden werden. Sven Wichmann und Tamino Schneider \u00fcbernehmen als spielendes Trainerduo die sportliche Leitung bei unserer Zweiten. Unterst\u00fctzt werden sie von Dennis Bergmaier und Cedric M\u00fcller, die beide zuk\u00fcnftig als Spielaussch\u00fcsse f\u00fcr die Belange unserer Reservemannschaft zust\u00e4ndig sein werden. Wir w\u00fcnschen den neuen Verantwortlichen viel Erfolg bei ihrer neuen Aufgabe!<\/p>\n\n\n\n<p>Die Trainersuche war notwendig geworden, nachdem der bisherige Coach Quentin Fritz nach seiner Verletzungspause zur neuen Saison wieder als Spieler bei der ersten Mannschaft einsteigen wird und somit f\u00fcr das Traineramt nicht mehr zur Verf\u00fcgung steht. Quentin hatte das Team im Herbst 2023 interimsm\u00e4\u00dfig \u00fcbernommen, nachdem der bisherige Trainer kurzfristig sein Amt niedergelegt hatte. Nochmals ein gro\u00dfer Dank geht an Quentin, der diese unkonventionelle L\u00f6sung erm\u00f6glicht hatte. <\/p>\n","protected":false},"excerpt":{"rendered":"<p>Nach einer nicht ganz einfachen Trainersuche konnte f\u00fcr unsere zweite Mannschaft nun eine interne L\u00f6sung f\u00fcr die kommende Saison gefunden werden. Sven Wichmann und Tamino Schneider \u00fcbernehmen als spielendes Trainerduo die sportliche Leitung bei unserer Zweiten. Unterst\u00fctzt werden sie von Dennis Bergmaier und Cedric M\u00fcller, die beide zuk\u00fcnftig als Spielaussch\u00fcsse f\u00fcr die Belange unserer Reservemannschaft [&hellip;]<\/p>\n","protected":false},"author":1,"featured_media":0,"comment_status":"open","ping_status":"open","sticky":false,"template":"","format":"standard","meta":{"footnotes":""},"categories":[23],"tags":[],"class_list":{"0":"post-2907","1":"post","2":"type-post","3":"status-publish","4":"format-standard","6":"category-kreisliga-saison-2024-2025","7":"czr-hentry"},"_links":{"self":[{"href":"https:\/\/fv-plittersdorf.de\/index.php\/wp-json\/wp\/v2\/posts\/2907","targetHints":{"allow":["GET"]}}],"collection":[{"href":"https:\/\/fv-plittersdorf.de\/index.php\/wp-json\/wp\/v2\/posts"}],"about":[{"href":"https:\/\/fv-plittersdorf.de\/index.php\/wp-json\/wp\/v2\/types\/post"}],"author":[{"embeddable":true,"href":"https:\/\/fv-plittersdorf.de\/index.php\/wp-json\/wp\/v2\/users\/1"}],"replies":[{"embeddable":true,"href":"https:\/\/fv-plittersdorf.de\/index.php\/wp-json\/wp\/v2\/comments?post=2907"}],"version-history":[{"count":1,"href":"https:\/\/fv-plittersdorf.de\/index.php\/wp-json\/wp\/v2\/posts\/2907\/revisions"}],"predecessor-version":[{"id":2908,"href":"https:\/\/fv-plittersdorf.de\/index.php\/wp-json\/wp\/v2\/posts\/2907\/revisions\/2908"}],"wp:attachment":[{"href":"https:\/\/fv-plittersdorf.de\/index.php\/wp-json\/wp\/v2\/media?parent=2907"}],"wp:term":[{"taxonomy":"category","embeddable":true,"href":"https:\/\/fv-plittersdorf.de\/index.php\/wp-json\/wp\/v2\/categories?post=2907"},{"taxonomy":"post_tag","embeddable":true,"href":"https:\/\/fv-plittersdorf.de\/index.php\/wp-json\/wp\/v2\/tags?post=2907"}],"curies":[{"name":"wp","href":"https:\/\/api.w.org\/{rel}","templated":true}]}}