{"id":2895,"date":"2024-06-11T21:05:30","date_gmt":"2024-06-11T21:05:30","guid":{"rendered":"https:\/\/fv-plittersdorf.de\/?p=2895"},"modified":"2024-06-11T21:05:31","modified_gmt":"2024-06-11T21:05:31","slug":"nach-der-alten-saison-ist-vor-der-neuen-saison-erste-termine-der-sommervorbereitung-und-ein-weiterer-neuzugang-stehen-fest","status":"publish","type":"post","link":"https:\/\/fv-plittersdorf.de\/index.php\/2024\/06\/11\/nach-der-alten-saison-ist-vor-der-neuen-saison-erste-termine-der-sommervorbereitung-und-ein-weiterer-neuzugang-stehen-fest\/","title":{"rendered":"Nach der &#8222;alten&#8220; Saison ist vor der &#8222;neuen&#8220; Saison: erste Termine der Sommervorbereitung und ein weiterer Neuzugang stehen fest"},"content":{"rendered":"\n<p><strong>Hatz-Cup in Sandweier<\/strong> <\/p>\n\n\n\n<p>Zwischen dem 15.07. und dem 21.07. wird beim FV Sandweier wieder der Hatz-Cup als Vorbereitungsturnier auf die kommende Runde ausgespielt. Der FVP trifft in Vorrundengruppe 2 auf die Gastgeber (17.07., 19.30 Uhr), den FC Frankonia Rastatt (19.07., 19.30 Uhr) sowie den FC Neuweier (15.07., 18 Uhr). Das kleine und gro\u00dfe Finale sind f\u00fcr den 21.07. um 17 Uhr terminiert.<\/p>\n\n\n\n<p><strong>Stadtwerke Rastatt Sommer Cup beim FC Rastatt 04<\/strong><\/p>\n\n\n\n<p>Ebenfalls schon fest steht der Finaltag beim Stadtwerke Rastatt Sommer Cup, der in diesem Jahr im M\u00fcnchfeldstadion ausgetragen wird. Am 27.07. ab 13 Uhr finden die Halbfinals und das Finale des Turniers der Rastatter Vereine statt. Die Gruppenspiele werden jeweils in den Vorwochen auf den Pl\u00e4tzen der teilnehmenden Vereine ausgetragen und m\u00fcssen noch terminiert werden. Der FVP trifft in Gruppe A auf den OSV Rastatt, Frankonia Rastatt und den SV Niederb\u00fchl.<\/p>\n\n\n\n<p><strong>Patrice Blettermann wechselt zum FVP<\/strong><\/p>\n\n\n\n<p>Inzwischen d\u00fcrfen wir euch auch unseren n\u00e4chsten Neuzugang pr\u00e4sentieren. Wir freuen uns sehr, dass Patrice Blettermann ab der kommenden Saison unser Mittelfeld verst\u00e4rken wird. Patrice durchlief in Kuppenheim ab der D-Jugend alle Jugendmannschaften und hat sein erstes Jahr bei den Senioren in der Verbandsliga beim SV B\u00fchlertal verbracht. Neben seiner fu\u00dfballerischen Laufbahn wird er im kommenden Jahr auch seine Schiedsrichter-Karriere forcieren, wo er ebenfalls \u00fcberbezirklich pfeift. Patrice, herzlich willkommen bei uns im Binsenfeld.<\/p>\n\n\n\n<figure class=\"wp-block-image size-large\"><a href=\"https:\/\/fv-plittersdorf.de\/wp-content\/uploads\/2024\/06\/Screenshot_20240611_123250_Gallery.jpg\"><img loading=\"lazy\" decoding=\"async\" width=\"912\" height=\"1024\" src=\"https:\/\/fv-plittersdorf.de\/wp-content\/uploads\/2024\/06\/Screenshot_20240611_123250_Gallery-912x1024.jpg\" alt=\"\" class=\"wp-image-2896\" srcset=\"https:\/\/fv-plittersdorf.de\/wp-content\/uploads\/2024\/06\/Screenshot_20240611_123250_Gallery-912x1024.jpg 912w, https:\/\/fv-plittersdorf.de\/wp-content\/uploads\/2024\/06\/Screenshot_20240611_123250_Gallery-267x300.jpg 267w, https:\/\/fv-plittersdorf.de\/wp-content\/uploads\/2024\/06\/Screenshot_20240611_123250_Gallery-768x863.jpg 768w, https:\/\/fv-plittersdorf.de\/wp-content\/uploads\/2024\/06\/Screenshot_20240611_123250_Gallery.jpg 966w\" sizes=\"auto, (max-width: 912px) 100vw, 912px\" \/><\/a><\/figure>\n","protected":false},"excerpt":{"rendered":"<p>Hatz-Cup in Sandweier Zwischen dem 15.07. und dem 21.07. wird beim FV Sandweier wieder der Hatz-Cup als Vorbereitungsturnier auf die kommende Runde ausgespielt. Der FVP trifft in Vorrundengruppe 2 auf die Gastgeber (17.07., 19.30 Uhr), den FC Frankonia Rastatt (19.07., 19.30 Uhr) sowie den FC Neuweier (15.07., 18 Uhr). Das kleine und gro\u00dfe Finale sind [&hellip;]<\/p>\n","protected":false},"author":1,"featured_media":0,"comment_status":"open","ping_status":"open","sticky":false,"template":"","format":"standard","meta":{"footnotes":""},"categories":[23],"tags":[],"class_list":{"0":"post-2895","1":"post","2":"type-post","3":"status-publish","4":"format-standard","6":"category-kreisliga-saison-2024-2025","7":"czr-hentry"},"_links":{"self":[{"href":"https:\/\/fv-plittersdorf.de\/index.php\/wp-json\/wp\/v2\/posts\/2895","targetHints":{"allow":["GET"]}}],"collection":[{"href":"https:\/\/fv-plittersdorf.de\/index.php\/wp-json\/wp\/v2\/posts"}],"about":[{"href":"https:\/\/fv-plittersdorf.de\/index.php\/wp-json\/wp\/v2\/types\/post"}],"author":[{"embeddable":true,"href":"https:\/\/fv-plittersdorf.de\/index.php\/wp-json\/wp\/v2\/users\/1"}],"replies":[{"embeddable":true,"href":"https:\/\/fv-plittersdorf.de\/index.php\/wp-json\/wp\/v2\/comments?post=2895"}],"version-history":[{"count":1,"href":"https:\/\/fv-plittersdorf.de\/index.php\/wp-json\/wp\/v2\/posts\/2895\/revisions"}],"predecessor-version":[{"id":2897,"href":"https:\/\/fv-plittersdorf.de\/index.php\/wp-json\/wp\/v2\/posts\/2895\/revisions\/2897"}],"wp:attachment":[{"href":"https:\/\/fv-plittersdorf.de\/index.php\/wp-json\/wp\/v2\/media?parent=2895"}],"wp:term":[{"taxonomy":"category","embeddable":true,"href":"https:\/\/fv-plittersdorf.de\/index.php\/wp-json\/wp\/v2\/categories?post=2895"},{"taxonomy":"post_tag","embeddable":true,"href":"https:\/\/fv-plittersdorf.de\/index.php\/wp-json\/wp\/v2\/tags?post=2895"}],"curies":[{"name":"wp","href":"https:\/\/api.w.org\/{rel}","templated":true}]}}