{"id":2892,"date":"2024-06-11T20:30:17","date_gmt":"2024-06-11T20:30:17","guid":{"rendered":"https:\/\/fv-plittersdorf.de\/?p=2892"},"modified":"2024-06-11T20:31:07","modified_gmt":"2024-06-11T20:31:07","slug":"letzte-saisonspiele-2023-2024-enden-mit-zwei-niederlagen","status":"publish","type":"post","link":"https:\/\/fv-plittersdorf.de\/index.php\/2024\/06\/11\/letzte-saisonspiele-2023-2024-enden-mit-zwei-niederlagen\/","title":{"rendered":"Letzte Saisonspiele 2023\/2024 enden mit zwei Niederlagen"},"content":{"rendered":"\n<p><strong>SV Bietigheim &#8211; FV Plittersdorf 1:0 (Hz. 0:0)<\/strong><\/p>\n\n\n\n<p>Am letzten Spieltag unterlag der FVP sehr ungl\u00fccklich mit 0:1 beim Tabellendritten SV Bietigheim. F\u00fcr die Rieder, die einige Ausf\u00e4lle zu beklagen hatten, war der Punktgewinn bei einem der Spitzenteams der Liga zum Greifen nahe, doch in der Nachspielzeit schlugen die Hausherren eiskalt zu. Zuvor verteidigte die FVP-Defensive im Gegensatz zur Vorwoche konzentriert und leidenschaftlich und lie\u00df die Bietigheimer Offensivabteilung nur selten zur Entfaltung kommen. Auf der Gegenseite waren Torgelegenheiten jedoch ebenfalls Mangelware, Cleo Fritz hatte in Halbzeit eins noch die beste, sein Abschluss wurde jedoch im letzten Moment geblockt. Ein torloses Remis w\u00e4re das gerechte Ergebnis gewesen, doch mit der letzten Aktion setzten sich die Bietigheimer im Mittelfeld durch und brachten eine scharfe Hereingabe vor das Tor, die der St\u00fcrmer zum Siegtreffer vollendete.<\/p>\n\n\n\n<p><strong>SV Bietigheim II &#8211; FV Plittersdorf II 1:0 (1:0)<\/strong><br>Auch die Zweite kam beim SV Bietigheim nicht in die Punkte und musste mit einer 0:1-Niederlage den Heimweg antreten.<\/p>\n\n\n\n<p><strong>Saisonfazit<\/strong>: Unsere erste Mannschaft beendet die abgelaufene Runde mit 30 Punkten auf dem 14. Tabellenplatz und konnte nur den Nachbarn aus Steinmauern sowie die angeschlagene Reserve des FV Muggensturm hinter sich lassen. <\/p>\n\n\n\n<p>Nach einem 3:0-Saisonstart gegen den sp\u00e4teren Meister aus Bischweier hoffte das Schwarz-Gelbe Lager zumindest auf eine sorgenfreie Saison. Doch nach lediglich zwei weiteren Siegen in der Hinrunde sowie einem Fehlstart nach der Winterpause mit Niederlagen gegen die direkten Abstiegskampfkonkurrenten aus W\u00fcrmersheim und Sandweier fand sich der FVP an Ostern auf einem Abstiegsplatz mit f\u00fcnf Punkten R\u00fcckstand zum rettenden Ufer wieder. <\/p>\n\n\n\n<p>Danach bewies die Mannschaft jedoch Charakter und zog nach einem Zwischenspurt mit zehn Punkten aus f\u00fcnf Partien &#8211; darunter dem viel umjubelten Derbysieg gegen Steinmauern &#8211; den Kopf noch aus der Schlinge.<\/p>\n\n\n\n<p>Schlussendlich konnte man &#8211; trotz des insgesamt sehr holprigen Saisonverlaufs &#8211; bereits am drittletzten Spieltag der Saison den Klassenerhalt feiern und damit ein deutlich ruhigeres Saisonende verleben, als es in den vergangenen Jahren der Fall war. Dies und die Tatsache, dass unsere junge Mannschaft im letzten Saisondrittel auch in Drucksituationen ihr Potenzial abrufen konnte, d\u00fcrfen wir als positive Erkenntnisse mitzunehmen.<\/p>\n\n\n\n<p>Nun gilt es f\u00fcr die Verantwortlichen und die Spieler, in der Sommerpause die die richtigen Schl\u00fcsse zu ziehen, um im neuen Spieljahr das vorhandene Potential des Teams nochmals deutlich besser und konstanter auszusch\u00f6pfen zu k\u00f6nnen.&nbsp;<\/p>\n\n\n\n<p>Verabschieden muss sich die erste Mannschaft von Mittelfeldmotor Ferdi \u00d6zcan, der in einer sehr schwierigen Phase zum FVP stie\u00df und dem Verein die Treue hielt. Ferdi schlie\u00dft sich genau wie Bj\u00f6rn Schaller dem neu gegr\u00fcndeten Verein in Elchesheim-Illingen an, w\u00e4hrend Andr\u00e9 Hartmann den FVP Richtung \u00d6tigheim verl\u00e4sst &#8211; der FVP dankt euch f\u00fcr euren Einsatz und w\u00fcnscht euch alles Gute f\u00fcr die Zukunft! <\/p>\n\n\n\n<p>Unsere Zweite beendete ihre Saison auf dem vorletzten Tabellenplatz, zeigte jedoch durchweg engagierte Leistungen. Dabei entwickelte sich das Team, das nach dem fr\u00fchen Trainerwechsel durch Quentin Fritz betreut wurde, zu Unentschieden-Experten. H\u00e4tte die Mannschaft das ein oder andere der am Ende \u00fcber 10 Remis-Spielen in einen Sieg umgem\u00fcnzt, dann w\u00e4re man auch punktem\u00e4\u00dfig deutlich besser aufgestellt gewesenen als es der Blick auf die Tabelle am Ende zeigt. <\/p>\n\n\n\n<p>Ein Dank der beiden Mannschaften geht ebenfalls an ihre Fans und Sponsoren sowie an alle Helfer, die die Teams im Spielbetrieb unterst\u00fctzt haben. Kommt gut durch Sommerpause &#8211; wir freuen uns mit euch die kommende Runde 2024\/2025 anzugehen. <\/p>\n","protected":false},"excerpt":{"rendered":"<p>SV Bietigheim &#8211; FV Plittersdorf 1:0 (Hz. 0:0) Am letzten Spieltag unterlag der FVP sehr ungl\u00fccklich mit 0:1 beim Tabellendritten SV Bietigheim. F\u00fcr die Rieder, die einige Ausf\u00e4lle zu beklagen hatten, war der Punktgewinn bei einem der Spitzenteams der Liga zum Greifen nahe, doch in der Nachspielzeit schlugen die Hausherren eiskalt zu. Zuvor verteidigte die [&hellip;]<\/p>\n","protected":false},"author":1,"featured_media":0,"comment_status":"open","ping_status":"open","sticky":false,"template":"","format":"standard","meta":{"footnotes":""},"categories":[22],"tags":[],"class_list":{"0":"post-2892","1":"post","2":"type-post","3":"status-publish","4":"format-standard","6":"category-kreisliga-saison-2023-2024","7":"czr-hentry"},"_links":{"self":[{"href":"https:\/\/fv-plittersdorf.de\/index.php\/wp-json\/wp\/v2\/posts\/2892","targetHints":{"allow":["GET"]}}],"collection":[{"href":"https:\/\/fv-plittersdorf.de\/index.php\/wp-json\/wp\/v2\/posts"}],"about":[{"href":"https:\/\/fv-plittersdorf.de\/index.php\/wp-json\/wp\/v2\/types\/post"}],"author":[{"embeddable":true,"href":"https:\/\/fv-plittersdorf.de\/index.php\/wp-json\/wp\/v2\/users\/1"}],"replies":[{"embeddable":true,"href":"https:\/\/fv-plittersdorf.de\/index.php\/wp-json\/wp\/v2\/comments?post=2892"}],"version-history":[{"count":2,"href":"https:\/\/fv-plittersdorf.de\/index.php\/wp-json\/wp\/v2\/posts\/2892\/revisions"}],"predecessor-version":[{"id":2894,"href":"https:\/\/fv-plittersdorf.de\/index.php\/wp-json\/wp\/v2\/posts\/2892\/revisions\/2894"}],"wp:attachment":[{"href":"https:\/\/fv-plittersdorf.de\/index.php\/wp-json\/wp\/v2\/media?parent=2892"}],"wp:term":[{"taxonomy":"category","embeddable":true,"href":"https:\/\/fv-plittersdorf.de\/index.php\/wp-json\/wp\/v2\/categories?post=2892"},{"taxonomy":"post_tag","embeddable":true,"href":"https:\/\/fv-plittersdorf.de\/index.php\/wp-json\/wp\/v2\/tags?post=2892"}],"curies":[{"name":"wp","href":"https:\/\/api.w.org\/{rel}","templated":true}]}}