{"id":2801,"date":"2024-05-07T19:19:39","date_gmt":"2024-05-07T19:19:39","guid":{"rendered":"https:\/\/fv-plittersdorf.de\/?p=2801"},"modified":"2024-05-07T20:39:53","modified_gmt":"2024-05-07T20:39:53","slug":"08-niederlage-rabenschwarzer-tag-fuer-den-fvp-in-iffezheim","status":"publish","type":"post","link":"https:\/\/fv-plittersdorf.de\/index.php\/2024\/05\/07\/08-niederlage-rabenschwarzer-tag-fuer-den-fvp-in-iffezheim\/","title":{"rendered":"0:8-Niederlage: Rabenschwarzer Tag f\u00fcr den FVP in Iffezheim"},"content":{"rendered":"\n<p><strong>FV Iffezheim &#8211; Plittersdorf 8:0 (Hz. 3:0)<\/strong><\/p>\n\n\n\n<p>Eine heftige Klatsche in Iffezheim tr\u00fcbt eine Woche sp\u00e4ter die Freude \u00fcber das gewonnene Derby gegen Steinmauern kr\u00e4ftig. Das Ergebnis spricht B\u00e4nde: Trotz Personalsorgen und einiger Sonntagssch\u00fcsse auf Iffezheimer Seite ist solch eine Vorstellung schwer zu erkl\u00e4ren. Dabei h\u00e4tten sowohl Ibrahima Sow als auch Simon Bischof die Rieder bereits nach wenigen Minuten in F\u00fchrung schie\u00dfen k\u00f6nnen, wenn nicht sogar m\u00fcssen. Zweimal konnten sie einen Ballverlust des Iffezheimer Keepers nicht ausn\u00fctzen. Es ist m\u00fc\u00dfig, zu diskutieren, ob das Spiel dann einen anderen Verlauf genommen h\u00e4tte. Nach ausgeglichener Anfangsphase f\u00fchrten die Gastgeber einen Ecksto\u00df schnell aus und n\u00fctzten die Rieder Tiefschlafphase eiskalt aus. Das zweite Gegentor nach einem Defensivfehler und das dritte kurz vor der Pause durch einen Schuss aus 25 Metern Torentfernung stellten den 3:0-Halbzeitstand her.<\/p>\n\n\n\n<p>Nachdem sich der FVP wenige Sekunden nach Wiederanpfiff einen weiteren haarstr\u00e4ubenden Ballverlust leistete, waren die guten Vors\u00e4tze mit dem vierten Gegentreffer bereits vergessen. In der Folge spielten sich die Hausherren, die mit gro\u00dfen Aufstiegshoffnungen in die Runde starteten, in einen Rausch: jede Aktion gelang, w\u00e4hrend bei den Schwarz-Gelben jegliches Zweikampfverhalten und jegliche Aggressivit\u00e4t verloren ging, sodass der FVI leichtes Spiel hatte. Ein gebrauchter Tag, den das Team mit Blick auf das kommende Wochenende so schnell wie m\u00f6glich absch\u00fctteln muss, um wieder an die Leistungsgrenze zu gelangen.&nbsp;<\/p>\n\n\n\n<p><strong>FV Iffezheim II &#8211; FV Plittersdorf II 2:1 (Hz. 2:1)<\/strong><\/p>\n\n\n\n<p>Auch die Zweite konnte dem Sieg von vergangener Woche keine weiteren Punkte sammeln. Christian K\u00f6ppel stellte per Kopf in der ersten H\u00e4lfte den Ausgleich her. Die erneute F\u00fchrung konnte der FVP II dann nicht mehr kontern.<\/p>\n\n\n\n<p><strong>Ausblick<\/strong>: Am kommenden Sonntag, 12.05.2024, gastiert der SV Michelbach zum R\u00fcckspiel im Binsenfeld. Team 2 startet um 13 Uhr in seine Partie, die Begegnung der Ersten beginnt um 15 Uhr.<\/p>\n\n\n<div class=\"wp-block-image\">\n<figure class=\"aligncenter size-full\"><a href=\"https:\/\/fv-plittersdorf.de\/wp-content\/uploads\/2024\/05\/Heimspiel-Michelbach.png\"><img loading=\"lazy\" decoding=\"async\" width=\"678\" height=\"737\" src=\"https:\/\/fv-plittersdorf.de\/wp-content\/uploads\/2024\/05\/Heimspiel-Michelbach.png\" alt=\"\" class=\"wp-image-2815\" srcset=\"https:\/\/fv-plittersdorf.de\/wp-content\/uploads\/2024\/05\/Heimspiel-Michelbach.png 678w, https:\/\/fv-plittersdorf.de\/wp-content\/uploads\/2024\/05\/Heimspiel-Michelbach-276x300.png 276w\" sizes=\"auto, (max-width: 678px) 100vw, 678px\" \/><\/a><\/figure>\n<\/div>","protected":false},"excerpt":{"rendered":"<p>FV Iffezheim &#8211; Plittersdorf 8:0 (Hz. 3:0) Eine heftige Klatsche in Iffezheim tr\u00fcbt eine Woche sp\u00e4ter die Freude \u00fcber das gewonnene Derby gegen Steinmauern kr\u00e4ftig. Das Ergebnis spricht B\u00e4nde: Trotz Personalsorgen und einiger Sonntagssch\u00fcsse auf Iffezheimer Seite ist solch eine Vorstellung schwer zu erkl\u00e4ren. Dabei h\u00e4tten sowohl Ibrahima Sow als auch Simon Bischof die Rieder [&hellip;]<\/p>\n","protected":false},"author":1,"featured_media":0,"comment_status":"open","ping_status":"open","sticky":false,"template":"","format":"standard","meta":{"footnotes":""},"categories":[22],"tags":[],"class_list":{"0":"post-2801","1":"post","2":"type-post","3":"status-publish","4":"format-standard","6":"category-kreisliga-saison-2023-2024","7":"czr-hentry"},"_links":{"self":[{"href":"https:\/\/fv-plittersdorf.de\/index.php\/wp-json\/wp\/v2\/posts\/2801","targetHints":{"allow":["GET"]}}],"collection":[{"href":"https:\/\/fv-plittersdorf.de\/index.php\/wp-json\/wp\/v2\/posts"}],"about":[{"href":"https:\/\/fv-plittersdorf.de\/index.php\/wp-json\/wp\/v2\/types\/post"}],"author":[{"embeddable":true,"href":"https:\/\/fv-plittersdorf.de\/index.php\/wp-json\/wp\/v2\/users\/1"}],"replies":[{"embeddable":true,"href":"https:\/\/fv-plittersdorf.de\/index.php\/wp-json\/wp\/v2\/comments?post=2801"}],"version-history":[{"count":2,"href":"https:\/\/fv-plittersdorf.de\/index.php\/wp-json\/wp\/v2\/posts\/2801\/revisions"}],"predecessor-version":[{"id":2816,"href":"https:\/\/fv-plittersdorf.de\/index.php\/wp-json\/wp\/v2\/posts\/2801\/revisions\/2816"}],"wp:attachment":[{"href":"https:\/\/fv-plittersdorf.de\/index.php\/wp-json\/wp\/v2\/media?parent=2801"}],"wp:term":[{"taxonomy":"category","embeddable":true,"href":"https:\/\/fv-plittersdorf.de\/index.php\/wp-json\/wp\/v2\/categories?post=2801"},{"taxonomy":"post_tag","embeddable":true,"href":"https:\/\/fv-plittersdorf.de\/index.php\/wp-json\/wp\/v2\/tags?post=2801"}],"curies":[{"name":"wp","href":"https:\/\/api.w.org\/{rel}","templated":true}]}}