{"id":2640,"date":"2024-03-12T19:35:13","date_gmt":"2024-03-12T19:35:13","guid":{"rendered":"https:\/\/fv-plittersdorf.de\/?p=2640"},"modified":"2024-03-12T19:35:14","modified_gmt":"2024-03-12T19:35:14","slug":"trotz-ordentlicher-leistungen-bleiben-fvp-teams-gegen-rotenfels-ohne-punkte","status":"publish","type":"post","link":"https:\/\/fv-plittersdorf.de\/index.php\/2024\/03\/12\/trotz-ordentlicher-leistungen-bleiben-fvp-teams-gegen-rotenfels-ohne-punkte\/","title":{"rendered":"Trotz ordentlicher Leistungen bleiben FVP-Teams gegen Rotenfels ohne Punkte"},"content":{"rendered":"\n<p><strong>FV Plittersdorf &#8211; FV Rotenfels 0:2 (Hz. 0:1)<\/strong><\/p>\n\n\n\n<p>Nach einer durchwachsenen Vorbereitung mit einigen schwankenden Leistungen zeigten die Rieder im ersten Spiel im neuen Jahr eine gute Leistung, kamen gegen den FV Bad Rotenfels jedoch nicht in die Punkte. Mit einer ungewohnten F\u00fcnferkette und ohne die verletzten Simon Bischof und Vincent Reuter agierend war die Herrmann-Elf dem Aufstiegsanw\u00e4rter zu gro\u00dfen Teilen ebenb\u00fcrtig, entwickelte jedoch im Offensivspiel zu selten gef\u00e4hrliche Aktionen. Doch auch die G\u00e4ste hatten zu Beginn wenig klare Torchancen, lediglich nach einer Ecke brannte es einmal im FVP-F\u00fcnfmeterraum. Nach einem Ballverlust der Hausherren im Mittelfeld schaltete Rotenfels dann blitzschnell, nach einem Ball in die Schnittstelle der Rieder Abwehrkette behielt der St\u00fcrmer vor Keeper Darian di Mino, der erstmalig das FVP-Tor h\u00fctete, die Nerven und schloss unhaltbar zur Rotenfelser F\u00fchrung ein. Im Gegenzug hatte Cleo Fritz, der mit Ibrahima Sow das Sturmduo bildete, die gr\u00f6\u00dfte FVP-Chance: Nach einem langen Ball von Luca Bergmaier konnte er sich gegen zwei Verteidiger durchsetzen, schob den Ball jedoch rechts am Tor vorbei.<\/p>\n\n\n\n<p>Zu Beginn der zweiten Halbzeit dr\u00fcckten die Schwarz-Gelben dann vehement auf den Ausgleich, hatten zwischenzeitlich deutlich mehr Ballbesitz als die G\u00e4ste, einzig die Durchschlagskraft im letzten Drittel ging etwas ab. Die beiden gr\u00f6\u00dften Chancen hatte Ferdi \u00d6czan mit zwei direkt getretenen Freist\u00f6\u00dfen. Der erste strich nur knapp am rechten Pfosten vorbei, den zweiten wenig sp\u00e4ter aus \u00e4hnlicher Position konnte ein Rotenfelser Verteidiger noch von der Torlinie k\u00f6pfen &#8211; beide Male w\u00e4re der Torh\u00fcter geschlagen gewesen. In der 64. Minute wurden die Gastgeber dann mit einem Konter des FVR, den sie zu zaghaft verteidigten, kalt erwischt. Nach dem 0:2 war dann etwas die Luft aus dem Rieder Offensivdrang. So entf\u00fchrten die Murgt\u00e4ler alle drei Punkte aus dem Binsenfeld, da sie vor dem Tor kaltschn\u00e4utziger und effektiver waren. Dennoch kann der FVP-Elf kein Vorwurf gemacht werden, Einsatz und Laufbereitschaft sollten die Messlatte f\u00fcr die n\u00e4chsten Wochen bilden.<\/p>\n\n\n\n<p><strong>FV Plittersdorf II &#8211; FV Rotenfels II 0:4 (Hz. 0:2)<\/strong><\/p>\n\n\n\n<p>Obwohl das Ergebnis deutlich klingt, zeigte die von Quentin Fritz gecoachte Mannschaft keine schlechte Leistung, sodass das Ergebnis deutlich zu hoch ausfiel. Die beste Chance hatte Robin M\u00fcller Mitte der ersten Halbzeit, der mit seinem Distanzschuss am Pfosten scheiterte.<\/p>\n\n\n\n<p><strong>Ausblick:<\/strong> am morgigen Mittwoch (13.03.) empf\u00e4ngt unsere Zweite den Tabellennachbarn aus Bietigheim zum Nachholspiel (19 Uhr). Zum zweiten Heimspielwochenende in Folge gastiert dann die SG Staufenberg\/Gernsbach im Plittersdorfer Binsenfeld. Anpfiff zu den Spielen ist am Sonntag, 17.03., um 13:00 Uhr (FVP II) bzw. um 15:00 Uhr (FVP I)<\/p>\n\n\n<div class=\"wp-block-image\">\n<figure class=\"aligncenter size-large\"><a href=\"https:\/\/fv-plittersdorf.de\/wp-content\/uploads\/2024\/03\/430098020_918813530248470_516659592335872892_n.jpg\"><img loading=\"lazy\" decoding=\"async\" width=\"1024\" height=\"678\" src=\"https:\/\/fv-plittersdorf.de\/wp-content\/uploads\/2024\/03\/430098020_918813530248470_516659592335872892_n-1024x678.jpg\" alt=\"\" class=\"wp-image-2641\" srcset=\"https:\/\/fv-plittersdorf.de\/wp-content\/uploads\/2024\/03\/430098020_918813530248470_516659592335872892_n-1024x678.jpg 1024w, https:\/\/fv-plittersdorf.de\/wp-content\/uploads\/2024\/03\/430098020_918813530248470_516659592335872892_n-300x199.jpg 300w, https:\/\/fv-plittersdorf.de\/wp-content\/uploads\/2024\/03\/430098020_918813530248470_516659592335872892_n-768x509.jpg 768w, https:\/\/fv-plittersdorf.de\/wp-content\/uploads\/2024\/03\/430098020_918813530248470_516659592335872892_n-1536x1017.jpg 1536w, https:\/\/fv-plittersdorf.de\/wp-content\/uploads\/2024\/03\/430098020_918813530248470_516659592335872892_n.jpg 2048w\" sizes=\"auto, (max-width: 1024px) 100vw, 1024px\" \/><\/a><figcaption class=\"wp-element-caption\">Bildquelle: <a href=\"https:\/\/www.facebook.com\/media\/set\/?vanity=fvbadrotenfels&amp;set=a.918814820248341&amp;locale=de_DE\" data-type=\"link\" data-id=\"https:\/\/www.facebook.com\/media\/set\/?vanity=fvbadrotenfels&amp;set=a.918814820248341&amp;locale=de_DE\">FV Bad Rotenfels (Facebook), weitere Bilder ebenda<\/a><\/figcaption><\/figure>\n<\/div>","protected":false},"excerpt":{"rendered":"<p>FV Plittersdorf &#8211; FV Rotenfels 0:2 (Hz. 0:1) Nach einer durchwachsenen Vorbereitung mit einigen schwankenden Leistungen zeigten die Rieder im ersten Spiel im neuen Jahr eine gute Leistung, kamen gegen den FV Bad Rotenfels jedoch nicht in die Punkte. Mit einer ungewohnten F\u00fcnferkette und ohne die verletzten Simon Bischof und Vincent Reuter agierend war die [&hellip;]<\/p>\n","protected":false},"author":1,"featured_media":0,"comment_status":"open","ping_status":"open","sticky":false,"template":"","format":"standard","meta":{"footnotes":""},"categories":[22],"tags":[],"class_list":{"0":"post-2640","1":"post","2":"type-post","3":"status-publish","4":"format-standard","6":"category-kreisliga-saison-2023-2024","7":"czr-hentry"},"_links":{"self":[{"href":"https:\/\/fv-plittersdorf.de\/index.php\/wp-json\/wp\/v2\/posts\/2640","targetHints":{"allow":["GET"]}}],"collection":[{"href":"https:\/\/fv-plittersdorf.de\/index.php\/wp-json\/wp\/v2\/posts"}],"about":[{"href":"https:\/\/fv-plittersdorf.de\/index.php\/wp-json\/wp\/v2\/types\/post"}],"author":[{"embeddable":true,"href":"https:\/\/fv-plittersdorf.de\/index.php\/wp-json\/wp\/v2\/users\/1"}],"replies":[{"embeddable":true,"href":"https:\/\/fv-plittersdorf.de\/index.php\/wp-json\/wp\/v2\/comments?post=2640"}],"version-history":[{"count":1,"href":"https:\/\/fv-plittersdorf.de\/index.php\/wp-json\/wp\/v2\/posts\/2640\/revisions"}],"predecessor-version":[{"id":2642,"href":"https:\/\/fv-plittersdorf.de\/index.php\/wp-json\/wp\/v2\/posts\/2640\/revisions\/2642"}],"wp:attachment":[{"href":"https:\/\/fv-plittersdorf.de\/index.php\/wp-json\/wp\/v2\/media?parent=2640"}],"wp:term":[{"taxonomy":"category","embeddable":true,"href":"https:\/\/fv-plittersdorf.de\/index.php\/wp-json\/wp\/v2\/categories?post=2640"},{"taxonomy":"post_tag","embeddable":true,"href":"https:\/\/fv-plittersdorf.de\/index.php\/wp-json\/wp\/v2\/tags?post=2640"}],"curies":[{"name":"wp","href":"https:\/\/api.w.org\/{rel}","templated":true}]}}