{"id":2578,"date":"2024-01-30T19:51:59","date_gmt":"2024-01-30T19:51:59","guid":{"rendered":"https:\/\/fv-plittersdorf.de\/?p=2578"},"modified":"2024-01-30T19:52:00","modified_gmt":"2024-01-30T19:52:00","slug":"fvp-stellt-weichen-fuer-die-naehere-zukunft","status":"publish","type":"post","link":"https:\/\/fv-plittersdorf.de\/index.php\/2024\/01\/30\/fvp-stellt-weichen-fuer-die-naehere-zukunft\/","title":{"rendered":"FVP stellt Weichen f\u00fcr die n\u00e4here Zukunft!"},"content":{"rendered":"\n<p>Der FVP hat seine Mitglieder in der Generalversammlung am vergangenen Freitagabend auf gr\u00f6\u00dfere Ma\u00dfnahmen an den Sportst\u00e4tten im Binsenfeld sowie am Ausweichsportplatz eingestimmt. Zudem konnte der jahrelang vakante Posten des 2. Vorsitzenden mit Dominik Haas neu besetzt werden.<\/p>\n\n\n\n<p>Der 1. Vorsitzende Daniel Scharer berichtete von einem arbeitsreichen Jahr 2023, in dem wieder einmal mehrere Hochwasser dem Sportgel\u00e4nde im Binsenfeld <a><\/a>enorm zusetzten. Trotz durchgef\u00fchrter Arbeitseins\u00e4tze seien die Hinterlassenschaften der vergangenen Hochwasser immer noch zu sehen. Zudem sei auch kein Ende der \u00dcberschwemmungslage aufgrund der derzeitigen Witterungsbedingungen in Sicht. Auch deshalb st\u00fcnden umfangreiche und kostenintensive Instandhaltungsma\u00dfnahmen an den bestehenden Sportst\u00e4tten an, um auch k\u00fcnftig einen geregelten Spielbetrieb trotz der wiederkehrenden Hochwassersituationen zu gew\u00e4hrleisten, so Scharer.<\/p>\n\n\n\n<p>Kassier Daniel K\u00f6ppel berichtete von einem finanziell schwierigen Jahr. Vor allem die stark angestiegenen Energiekosten f\u00fcr Strom und Heiz\u00f6l setzten den Vereinsfinanzen schwer zu. Der Verein stehe aber weiterhin auf gesunden Beinen. Auch sportlich verlief das vergangene Jahr nicht zufriedenstellend, so die Ausf\u00fchrungen von Spielausschuss Heiko Bergmaier. Dem Abstieg aus der Kreisliga A entging die 1. Mannschaft abermals nur sehr knapp. Erwartungsvoll sei man mit dem neuen Trainer Oliver Herrmann in die neue Saison gestartet Mit einer Vielzahl von jungen Eigengew\u00e4chsen zeige sich zwar spielerisch eine wesentliche Verbesserung im Vergleich zu den Vorjahren, punktem\u00e4\u00dfig habe sich das Team daf\u00fcr jedoch zu wenig belohnt. Derzeit rangiere man wiederum in abstiegsbedrohter Lage auf dem drittletzten Tabellenrang. Auch das Reserveteam habe sich nach einem Trainerwechsel zu Beginn der Saison stabilisiert und konnte die Spielzeit bisher ohne gr\u00f6\u00dfere Personalsorgen bestreiten.<\/p>\n\n\n\n<p>Jugendvorstand Tobias Gross ging auf die Situation in den einzelnen Jugendmannschaften ein. Erfreulich sei hierbei, dass immer mehr M\u00e4dchen beim FVP dem runden Leder hinterherjagen. Mittlerweile k\u00f6nne man zwei M\u00e4dchenmannschaften zum Spielbetrieb anmelden, der Zulauf sei nach wie vor ungebrochen. Auch die Gesamtanzahl der Jugendspieler zeigte im vergangenen Jahr einen deutlichen Zuwachs.<\/p>\n\n\n\n<p>Mit Klaus Haas, G\u00fcnter Oberle und Werner Stupfel wurden drei langj\u00e4hrige Vereinsmitglieder zu Ehrenmitgliedern ernannt. Die Ehrungen f\u00fcr 50-j\u00e4hrige Vereinszugeh\u00f6rigkeit konnten Mathias M\u00fcller, f\u00fcr 40 Jahre Gerrit Berger und f\u00fcr 25 Jahre Mitgliedschaft Fabian Huck sowie Vincent Reuter entgegennehmen.<\/p>\n\n\n\n<figure class=\"wp-block-image size-large\"><a href=\"https:\/\/fv-plittersdorf.de\/wp-content\/uploads\/2024\/01\/Ehrungsbild-scaled.jpg\"><img loading=\"lazy\" decoding=\"async\" width=\"1024\" height=\"768\" src=\"https:\/\/fv-plittersdorf.de\/wp-content\/uploads\/2024\/01\/Ehrungsbild-1024x768.jpg\" alt=\"\" class=\"wp-image-2579\" srcset=\"https:\/\/fv-plittersdorf.de\/wp-content\/uploads\/2024\/01\/Ehrungsbild-1024x768.jpg 1024w, https:\/\/fv-plittersdorf.de\/wp-content\/uploads\/2024\/01\/Ehrungsbild-300x225.jpg 300w, https:\/\/fv-plittersdorf.de\/wp-content\/uploads\/2024\/01\/Ehrungsbild-768x576.jpg 768w, https:\/\/fv-plittersdorf.de\/wp-content\/uploads\/2024\/01\/Ehrungsbild-1536x1152.jpg 1536w, https:\/\/fv-plittersdorf.de\/wp-content\/uploads\/2024\/01\/Ehrungsbild-2048x1536.jpg 2048w\" sizes=\"auto, (max-width: 1024px) 100vw, 1024px\" \/><\/a><figcaption class=\"wp-element-caption\">Bild der beiden anwesenden Geehrten Vincent Reuter (25 Jahre Mitglied) und G\u00fcnter Oberle (Ehrenmitgliedschaft) zusammen mit den beiden Vorsitzenden Dominik Haas (links) und Daniel Scharer (rechts)<\/figcaption><\/figure>\n\n\n\n<p>Bei den Wahlen konnte erfreulicherweise der seit mehreren Jahren vakante Posten des 2. Vorsitzenden durch Dominik Haas neu besetzt werden. Zudem erweitert Edgar Bergmaier nun als Beisitzer die Verwaltung des FVP. Zuwachs bekam auch der Jugendvorstand, dessen weiteres Mitglied jetzt auch Stefan Oberle sein wird. Ansonsten ergaben sich keine weiteren personellen \u00c4nderungen bei den Verwaltungsmitgliedern des Vereins. Alle zu w\u00e4hlenden bisherigen Mitglieder wurden in ihren \u00c4mtern best\u00e4tigt.<\/p>\n\n\n\n<p>Der Jugendvorstand besteht k\u00fcnftig aus Tobias Gross, Christian Olajos, Stefan Oberle, Harald G\u00fctle und Sabine Gross.<\/p>\n\n\n\n<p>Neben Dominik Haas als neuen 2. Vorsitzenden wurde Daniel K\u00f6ppel als Kassier, Heiko Bergmaier und Bernd Wichmann als Spielausschuss, sowie Dennis Bergmaier, J\u00fcrgen Fries, Marcus Hatz, Alexander K\u00e4shammer, Thomas Scharer, Roland Seiberling und neu Edgar Bergmaier als Beisitzer gew\u00e4hlt.<\/p>\n\n\n<div class=\"wp-block-image\">\n<figure class=\"aligncenter size-large\"><a href=\"https:\/\/fv-plittersdorf.de\/wp-content\/uploads\/2024\/01\/Vorstaende-scaled.jpg\"><img loading=\"lazy\" decoding=\"async\" width=\"1024\" height=\"768\" src=\"https:\/\/fv-plittersdorf.de\/wp-content\/uploads\/2024\/01\/Vorstaende-1024x768.jpg\" alt=\"\" class=\"wp-image-2580\" srcset=\"https:\/\/fv-plittersdorf.de\/wp-content\/uploads\/2024\/01\/Vorstaende-1024x768.jpg 1024w, https:\/\/fv-plittersdorf.de\/wp-content\/uploads\/2024\/01\/Vorstaende-300x225.jpg 300w, https:\/\/fv-plittersdorf.de\/wp-content\/uploads\/2024\/01\/Vorstaende-768x576.jpg 768w, https:\/\/fv-plittersdorf.de\/wp-content\/uploads\/2024\/01\/Vorstaende-1536x1152.jpg 1536w, https:\/\/fv-plittersdorf.de\/wp-content\/uploads\/2024\/01\/Vorstaende-2048x1536.jpg 2048w\" sizes=\"auto, (max-width: 1024px) 100vw, 1024px\" \/><\/a><figcaption class=\"wp-element-caption\">Der &#8222;alte&#8220; 1. Vorsitzende Daniel Scharer (rechts) und der neu gew\u00e4hlte 2. Vorsitzende Dominik Haas (links)<\/figcaption><\/figure>\n<\/div>\n\n\n<p>Zum Abschluss der Versammlung unterrichtete der 1. Vorsitzende Daniel Scharer die Mitglieder \u00fcber die geplanten \u00dcbergangsma\u00dfnahmen an den Sportgel\u00e4nden im Binsenfeld sowie am Ausweichsportplatz an der Altrheinhalle. Bis zur Umsetzung der von der Stadt Rastatt geplanten gemeinsamen Sportanlage aller drei Rieder Fu\u00dfballvereine m\u00fcssten die bestehenden Sportanlagen in einem zeitgem\u00e4\u00dfen Zustand erhalten werden. Neben einigen kostenintensiven Instandhaltungsma\u00dfnahmen im Binsenfeld beabsichtigt der Verein u.a. die Neuanlage eines Kunstrasenkleinspielfeldes, die Umr\u00fcstung des Flutlichts auf energiesparende LED sowie Containerl\u00f6sungen am Ausweichsportgel\u00e4nde. Die Stadt Rastatt wird diese Ma\u00dfnahmen im Rahmen von Sonderzusch\u00fcssen finanziell unterst\u00fctzen.<\/p>\n\n\n\n<figure class=\"wp-block-gallery has-nested-images columns-default is-cropped wp-block-gallery-1 is-layout-flex wp-block-gallery-is-layout-flex\">\n<figure class=\"wp-block-image size-large\"><a href=\"https:\/\/fv-plittersdorf.de\/wp-content\/uploads\/2024\/01\/GV1.jpg\"><img loading=\"lazy\" decoding=\"async\" width=\"960\" height=\"880\" data-id=\"2585\" src=\"https:\/\/fv-plittersdorf.de\/wp-content\/uploads\/2024\/01\/GV1.jpg\" alt=\"\" class=\"wp-image-2585\" srcset=\"https:\/\/fv-plittersdorf.de\/wp-content\/uploads\/2024\/01\/GV1.jpg 960w, https:\/\/fv-plittersdorf.de\/wp-content\/uploads\/2024\/01\/GV1-300x275.jpg 300w, https:\/\/fv-plittersdorf.de\/wp-content\/uploads\/2024\/01\/GV1-768x704.jpg 768w\" sizes=\"auto, (max-width: 960px) 100vw, 960px\" \/><\/a><\/figure>\n\n\n\n<figure class=\"wp-block-image size-large\"><a href=\"https:\/\/fv-plittersdorf.de\/wp-content\/uploads\/2024\/01\/GV2.jpg\"><img loading=\"lazy\" decoding=\"async\" width=\"960\" height=\"881\" data-id=\"2586\" src=\"https:\/\/fv-plittersdorf.de\/wp-content\/uploads\/2024\/01\/GV2.jpg\" alt=\"\" class=\"wp-image-2586\" srcset=\"https:\/\/fv-plittersdorf.de\/wp-content\/uploads\/2024\/01\/GV2.jpg 960w, https:\/\/fv-plittersdorf.de\/wp-content\/uploads\/2024\/01\/GV2-300x275.jpg 300w, https:\/\/fv-plittersdorf.de\/wp-content\/uploads\/2024\/01\/GV2-768x705.jpg 768w\" sizes=\"auto, (max-width: 960px) 100vw, 960px\" \/><\/a><\/figure>\n\n\n\n<figure class=\"wp-block-image size-large\"><a href=\"https:\/\/fv-plittersdorf.de\/wp-content\/uploads\/2024\/01\/GV3.jpg\"><img loading=\"lazy\" decoding=\"async\" width=\"960\" height=\"882\" data-id=\"2582\" src=\"https:\/\/fv-plittersdorf.de\/wp-content\/uploads\/2024\/01\/GV3.jpg\" alt=\"\" class=\"wp-image-2582\" srcset=\"https:\/\/fv-plittersdorf.de\/wp-content\/uploads\/2024\/01\/GV3.jpg 960w, https:\/\/fv-plittersdorf.de\/wp-content\/uploads\/2024\/01\/GV3-300x276.jpg 300w, https:\/\/fv-plittersdorf.de\/wp-content\/uploads\/2024\/01\/GV3-768x706.jpg 768w\" sizes=\"auto, (max-width: 960px) 100vw, 960px\" \/><\/a><\/figure>\n\n\n\n<figure class=\"wp-block-image size-large\"><a href=\"https:\/\/fv-plittersdorf.de\/wp-content\/uploads\/2024\/01\/GV4.jpg\"><img loading=\"lazy\" decoding=\"async\" width=\"960\" height=\"881\" data-id=\"2583\" src=\"https:\/\/fv-plittersdorf.de\/wp-content\/uploads\/2024\/01\/GV4.jpg\" alt=\"\" class=\"wp-image-2583\" srcset=\"https:\/\/fv-plittersdorf.de\/wp-content\/uploads\/2024\/01\/GV4.jpg 960w, https:\/\/fv-plittersdorf.de\/wp-content\/uploads\/2024\/01\/GV4-300x275.jpg 300w, https:\/\/fv-plittersdorf.de\/wp-content\/uploads\/2024\/01\/GV4-768x705.jpg 768w\" sizes=\"auto, (max-width: 960px) 100vw, 960px\" \/><\/a><\/figure>\n\n\n\n<figure class=\"wp-block-image size-large\"><a href=\"https:\/\/fv-plittersdorf.de\/wp-content\/uploads\/2024\/01\/GV5.jpg\"><img loading=\"lazy\" decoding=\"async\" width=\"960\" height=\"882\" data-id=\"2584\" src=\"https:\/\/fv-plittersdorf.de\/wp-content\/uploads\/2024\/01\/GV5.jpg\" alt=\"\" class=\"wp-image-2584\" srcset=\"https:\/\/fv-plittersdorf.de\/wp-content\/uploads\/2024\/01\/GV5.jpg 960w, https:\/\/fv-plittersdorf.de\/wp-content\/uploads\/2024\/01\/GV5-300x276.jpg 300w, https:\/\/fv-plittersdorf.de\/wp-content\/uploads\/2024\/01\/GV5-768x706.jpg 768w\" sizes=\"auto, (max-width: 960px) 100vw, 960px\" \/><\/a><\/figure>\n\n\n\n<figure class=\"wp-block-image size-large\"><a href=\"https:\/\/fv-plittersdorf.de\/wp-content\/uploads\/2024\/01\/GV6.jpg\"><img loading=\"lazy\" decoding=\"async\" width=\"960\" height=\"882\" data-id=\"2581\" src=\"https:\/\/fv-plittersdorf.de\/wp-content\/uploads\/2024\/01\/GV6.jpg\" alt=\"\" class=\"wp-image-2581\" srcset=\"https:\/\/fv-plittersdorf.de\/wp-content\/uploads\/2024\/01\/GV6.jpg 960w, https:\/\/fv-plittersdorf.de\/wp-content\/uploads\/2024\/01\/GV6-300x276.jpg 300w, https:\/\/fv-plittersdorf.de\/wp-content\/uploads\/2024\/01\/GV6-768x706.jpg 768w\" sizes=\"auto, (max-width: 960px) 100vw, 960px\" \/><\/a><\/figure>\n\n\n\n<figure class=\"wp-block-image size-large\"><a href=\"https:\/\/fv-plittersdorf.de\/wp-content\/uploads\/2024\/01\/GV7.jpg\"><img loading=\"lazy\" decoding=\"async\" width=\"960\" height=\"882\" data-id=\"2588\" src=\"https:\/\/fv-plittersdorf.de\/wp-content\/uploads\/2024\/01\/GV7.jpg\" alt=\"\" class=\"wp-image-2588\" srcset=\"https:\/\/fv-plittersdorf.de\/wp-content\/uploads\/2024\/01\/GV7.jpg 960w, https:\/\/fv-plittersdorf.de\/wp-content\/uploads\/2024\/01\/GV7-300x276.jpg 300w, https:\/\/fv-plittersdorf.de\/wp-content\/uploads\/2024\/01\/GV7-768x706.jpg 768w\" sizes=\"auto, (max-width: 960px) 100vw, 960px\" \/><\/a><\/figure>\n\n\n\n<figure class=\"wp-block-image size-large\"><a href=\"https:\/\/fv-plittersdorf.de\/wp-content\/uploads\/2024\/01\/GV8.jpg\"><img loading=\"lazy\" decoding=\"async\" width=\"960\" height=\"882\" data-id=\"2587\" src=\"https:\/\/fv-plittersdorf.de\/wp-content\/uploads\/2024\/01\/GV8.jpg\" alt=\"\" class=\"wp-image-2587\" srcset=\"https:\/\/fv-plittersdorf.de\/wp-content\/uploads\/2024\/01\/GV8.jpg 960w, https:\/\/fv-plittersdorf.de\/wp-content\/uploads\/2024\/01\/GV8-300x276.jpg 300w, https:\/\/fv-plittersdorf.de\/wp-content\/uploads\/2024\/01\/GV8-768x706.jpg 768w\" sizes=\"auto, (max-width: 960px) 100vw, 960px\" \/><\/a><\/figure>\n\n\n\n<figure class=\"wp-block-image size-large\"><a href=\"https:\/\/fv-plittersdorf.de\/wp-content\/uploads\/2024\/01\/GV9.jpg\"><img loading=\"lazy\" decoding=\"async\" width=\"960\" height=\"881\" data-id=\"2590\" src=\"https:\/\/fv-plittersdorf.de\/wp-content\/uploads\/2024\/01\/GV9.jpg\" alt=\"\" class=\"wp-image-2590\" srcset=\"https:\/\/fv-plittersdorf.de\/wp-content\/uploads\/2024\/01\/GV9.jpg 960w, https:\/\/fv-plittersdorf.de\/wp-content\/uploads\/2024\/01\/GV9-300x275.jpg 300w, https:\/\/fv-plittersdorf.de\/wp-content\/uploads\/2024\/01\/GV9-768x705.jpg 768w\" sizes=\"auto, (max-width: 960px) 100vw, 960px\" \/><\/a><\/figure>\n\n\n\n<figure class=\"wp-block-image size-large\"><a href=\"https:\/\/fv-plittersdorf.de\/wp-content\/uploads\/2024\/01\/GV10.jpg\"><img loading=\"lazy\" decoding=\"async\" width=\"960\" height=\"881\" data-id=\"2589\" src=\"https:\/\/fv-plittersdorf.de\/wp-content\/uploads\/2024\/01\/GV10.jpg\" alt=\"\" class=\"wp-image-2589\" srcset=\"https:\/\/fv-plittersdorf.de\/wp-content\/uploads\/2024\/01\/GV10.jpg 960w, https:\/\/fv-plittersdorf.de\/wp-content\/uploads\/2024\/01\/GV10-300x275.jpg 300w, https:\/\/fv-plittersdorf.de\/wp-content\/uploads\/2024\/01\/GV10-768x705.jpg 768w\" sizes=\"auto, (max-width: 960px) 100vw, 960px\" \/><\/a><\/figure>\n<\/figure>\n","protected":false},"excerpt":{"rendered":"<p>Der FVP hat seine Mitglieder in der Generalversammlung am vergangenen Freitagabend auf gr\u00f6\u00dfere Ma\u00dfnahmen an den Sportst\u00e4tten im Binsenfeld sowie am Ausweichsportplatz eingestimmt. Zudem konnte der jahrelang vakante Posten des 2. Vorsitzenden mit Dominik Haas neu besetzt werden. Der 1. Vorsitzende Daniel Scharer berichtete von einem arbeitsreichen Jahr 2023, in dem wieder einmal mehrere Hochwasser [&hellip;]<\/p>\n","protected":false},"author":1,"featured_media":0,"comment_status":"open","ping_status":"open","sticky":false,"template":"","format":"standard","meta":{"footnotes":""},"categories":[18,21],"tags":[],"class_list":{"0":"post-2578","1":"post","2":"type-post","3":"status-publish","4":"format-standard","6":"category-allgemeines","7":"category-veranstaltungen","8":"czr-hentry"},"_links":{"self":[{"href":"https:\/\/fv-plittersdorf.de\/index.php\/wp-json\/wp\/v2\/posts\/2578","targetHints":{"allow":["GET"]}}],"collection":[{"href":"https:\/\/fv-plittersdorf.de\/index.php\/wp-json\/wp\/v2\/posts"}],"about":[{"href":"https:\/\/fv-plittersdorf.de\/index.php\/wp-json\/wp\/v2\/types\/post"}],"author":[{"embeddable":true,"href":"https:\/\/fv-plittersdorf.de\/index.php\/wp-json\/wp\/v2\/users\/1"}],"replies":[{"embeddable":true,"href":"https:\/\/fv-plittersdorf.de\/index.php\/wp-json\/wp\/v2\/comments?post=2578"}],"version-history":[{"count":1,"href":"https:\/\/fv-plittersdorf.de\/index.php\/wp-json\/wp\/v2\/posts\/2578\/revisions"}],"predecessor-version":[{"id":2591,"href":"https:\/\/fv-plittersdorf.de\/index.php\/wp-json\/wp\/v2\/posts\/2578\/revisions\/2591"}],"wp:attachment":[{"href":"https:\/\/fv-plittersdorf.de\/index.php\/wp-json\/wp\/v2\/media?parent=2578"}],"wp:term":[{"taxonomy":"category","embeddable":true,"href":"https:\/\/fv-plittersdorf.de\/index.php\/wp-json\/wp\/v2\/categories?post=2578"},{"taxonomy":"post_tag","embeddable":true,"href":"https:\/\/fv-plittersdorf.de\/index.php\/wp-json\/wp\/v2\/tags?post=2578"}],"curies":[{"name":"wp","href":"https:\/\/api.w.org\/{rel}","templated":true}]}}