{"id":2529,"date":"2024-01-14T19:26:28","date_gmt":"2024-01-14T19:26:28","guid":{"rendered":"https:\/\/fv-plittersdorf.de\/?p=2529"},"modified":"2024-01-14T19:26:28","modified_gmt":"2024-01-14T19:26:28","slug":"einladung-zur-generalversammlung-und-zur-jugendversammlung-des-fv-plittersdorf","status":"publish","type":"post","link":"https:\/\/fv-plittersdorf.de\/index.php\/2024\/01\/14\/einladung-zur-generalversammlung-und-zur-jugendversammlung-des-fv-plittersdorf\/","title":{"rendered":"Einladung zur Generalversammlung und zur Jugendversammlung des FV Plittersdorf"},"content":{"rendered":"\n<p>Am <strong>Freitag, 26.Januar 2024<\/strong>, findet um <strong>19.30 Uhr<\/strong> unsere diesj\u00e4hrige <strong>Generalversammlung<\/strong> im Clubhaus im Binsenfeld statt. Hierzu sind alle Mitglieder recht herzlich eingeladen. Die folgende Tagesordnung ist vorgesehen: <\/p>\n\n\n\n<ol class=\"wp-block-list\">\n<li>Begr\u00fc\u00dfung durch den Vorsitzenden<\/li>\n\n\n\n<li>Totenehrung<\/li>\n\n\n\n<li>Bericht des Vorsitzenden<\/li>\n\n\n\n<li>Bericht des Kassiers<\/li>\n\n\n\n<li>Bericht der Kassenrevisoren<\/li>\n\n\n\n<li>Entlastung des Kassiers und der Gesamtverwaltung<\/li>\n\n\n\n<li>Bericht des Spielausschu\u00dfvorsitzenden<\/li>\n\n\n\n<li>Bericht des Jugendvorstands<\/li>\n\n\n\n<li>Entlastung der Jugendverwaltung<\/li>\n\n\n\n<li>Best\u00e4tigung der gew\u00e4hlten Vertreter der Jugendabteilung<\/li>\n\n\n\n<li>Ehrungen<\/li>\n\n\n\n<li>Neuwahlen<\/li>\n\n\n\n<li>Geplante Ma\u00dfnahmen an den Sportst\u00e4tten<\/li>\n\n\n\n<li>Verschiedenes<\/li>\n<\/ol>\n\n\n\n<p>Antr\u00e4ge zu dieser Versammlung k\u00f6nnen bis sp\u00e4testens Mittwoch, 24. Januar 2024, schriftlich beim 1. Vorsitzenden Daniel Scharer, Schulstra\u00dfe 36, 76437 Rastatt gestellt werden. Der FVP w\u00fcrde sich \u00fcber ein zahlreiches Erscheinen seiner Mitglieder bei der Generalversammlung sehr freuen.<\/p>\n\n\n\n<p>Im Vorfeld der Generalversammlung findet ebenfalls am <strong>Freitag, 26. Januar 2024, ab 18.00 Uhr<\/strong> im Clubhaus die <strong>Jugendversammlung<\/strong> statt. Die Jugendabteilung w\u00fcrde sich ebenso \u00fcber eine rege Teilnahme freuen. F\u00fcr die Jugendversammlung ist folgende Tagesordnung geplant:<\/p>\n\n\n\n<ol class=\"wp-block-list\">\n<li>Begr\u00fc\u00dfung<\/li>\n\n\n\n<li>Bericht des Jugendvorstandes<\/li>\n\n\n\n<li>Bericht des Jugendkassiers<\/li>\n\n\n\n<li>Berichte der einzelnen Jugendtrainerinnen\/Jugendtrainer<\/li>\n\n\n\n<li>Wahlen<\/li>\n\n\n\n<li>Verschiedenes<\/li>\n<\/ol>\n\n\n\n<p>Antr\u00e4ge zur Jugendversammlung k\u00f6nnen bis sp\u00e4testens 19.01.2024 an das E-Mail Postfach der Jugend gerichtet werden, das unter &#8222;FVPlittersdorf-Jugend@t-online.de&#8220; erreichbar ist.<\/p>\n","protected":false},"excerpt":{"rendered":"<p>Am Freitag, 26.Januar 2024, findet um 19.30 Uhr unsere diesj\u00e4hrige Generalversammlung im Clubhaus im Binsenfeld statt. Hierzu sind alle Mitglieder recht herzlich eingeladen. Die folgende Tagesordnung ist vorgesehen: Antr\u00e4ge zu dieser Versammlung k\u00f6nnen bis sp\u00e4testens Mittwoch, 24. Januar 2024, schriftlich beim 1. Vorsitzenden Daniel Scharer, Schulstra\u00dfe 36, 76437 Rastatt gestellt werden. Der FVP w\u00fcrde sich [&hellip;]<\/p>\n","protected":false},"author":1,"featured_media":0,"comment_status":"open","ping_status":"open","sticky":false,"template":"","format":"standard","meta":{"footnotes":""},"categories":[18,20,21],"tags":[],"class_list":{"0":"post-2529","1":"post","2":"type-post","3":"status-publish","4":"format-standard","6":"category-allgemeines","7":"category-jugendabteilung","8":"category-veranstaltungen","9":"czr-hentry"},"_links":{"self":[{"href":"https:\/\/fv-plittersdorf.de\/index.php\/wp-json\/wp\/v2\/posts\/2529","targetHints":{"allow":["GET"]}}],"collection":[{"href":"https:\/\/fv-plittersdorf.de\/index.php\/wp-json\/wp\/v2\/posts"}],"about":[{"href":"https:\/\/fv-plittersdorf.de\/index.php\/wp-json\/wp\/v2\/types\/post"}],"author":[{"embeddable":true,"href":"https:\/\/fv-plittersdorf.de\/index.php\/wp-json\/wp\/v2\/users\/1"}],"replies":[{"embeddable":true,"href":"https:\/\/fv-plittersdorf.de\/index.php\/wp-json\/wp\/v2\/comments?post=2529"}],"version-history":[{"count":1,"href":"https:\/\/fv-plittersdorf.de\/index.php\/wp-json\/wp\/v2\/posts\/2529\/revisions"}],"predecessor-version":[{"id":2530,"href":"https:\/\/fv-plittersdorf.de\/index.php\/wp-json\/wp\/v2\/posts\/2529\/revisions\/2530"}],"wp:attachment":[{"href":"https:\/\/fv-plittersdorf.de\/index.php\/wp-json\/wp\/v2\/media?parent=2529"}],"wp:term":[{"taxonomy":"category","embeddable":true,"href":"https:\/\/fv-plittersdorf.de\/index.php\/wp-json\/wp\/v2\/categories?post=2529"},{"taxonomy":"post_tag","embeddable":true,"href":"https:\/\/fv-plittersdorf.de\/index.php\/wp-json\/wp\/v2\/tags?post=2529"}],"curies":[{"name":"wp","href":"https:\/\/api.w.org\/{rel}","templated":true}]}}