{"id":2479,"date":"2024-01-05T21:23:06","date_gmt":"2024-01-05T21:23:06","guid":{"rendered":"https:\/\/fv-plittersdorf.de\/?p=2479"},"modified":"2024-01-05T21:23:12","modified_gmt":"2024-01-05T21:23:12","slug":"winterneuzugaenge-darian-di-mino-verstaerkt-uns-auf-der-torhueterposition-jannik-henle-kehrt-zu-seinem-heimatverein-zurueck","status":"publish","type":"post","link":"https:\/\/fv-plittersdorf.de\/index.php\/2024\/01\/05\/winterneuzugaenge-darian-di-mino-verstaerkt-uns-auf-der-torhueterposition-jannik-henle-kehrt-zu-seinem-heimatverein-zurueck\/","title":{"rendered":"Winterneuzug\u00e4nge: Darian Di Mino verst\u00e4rkt uns auf der Torh\u00fcterposition, Jannik Henle kehrt zu seinem Heimatverein zur\u00fcck"},"content":{"rendered":"\n<p>Wir freuen uns mitteilen zu d\u00fcrfen, dass wir zur R\u00fcckrunde mit Darian Di Mino (linkes Bild) eine Verst\u00e4rkung f\u00fcr die Torh\u00fcterposition verpflichten konnten. Darian ist 22 Jahre alt und spielte in der Jugend schon einmal beim FVP. \u00dcber den SV Kuppenheim gelangte er zum SV Sinzheim, bei dem er zum Landesliga-Kader geh\u00f6rte. Aus Sinzheim wechselt er nun ins Binsenfeld, wo wir in herzlich Willkommen hei\u00dfen. Als zweiten Neuzugang d\u00fcrfen wir Jannik Henle pr\u00e4sentieren (rechtes Bild). Jannik ist waschechter Rieder und spielte bis zur D-Jugend beim FVP. Nun kehrt er zur Winterpause vom FV Iffezheim zur\u00fcck zu seinem Heimatverein.<\/p>\n\n\n\n<p>Die Kaderplanungen f\u00fcr die anstehende R\u00fcckrunde sind somit abgeschlossen. Auch f\u00fcr die Saison 2024\/2025 f\u00fchren unsere Verantwortlichen derzeit vielversprechende Gespr\u00e4che mit potentiellen Neuzug\u00e4ngen, die den aktuellen Spielerkader &#8211; der f\u00fcr die kommende Runde bereits seine Zusage gegeben hat &#8211; verst\u00e4rken werden. Sobald weitere Transfers feststehen, werden wir an dieser Stelle dar\u00fcber berichten.<\/p>\n\n\n\n<figure class=\"wp-block-gallery has-nested-images columns-default is-cropped wp-block-gallery-1 is-layout-flex wp-block-gallery-is-layout-flex\">\n<figure class=\"wp-block-image size-large\"><a href=\"https:\/\/fv-plittersdorf.de\/wp-content\/uploads\/2024\/01\/DarianDiMino.jpg\"><img loading=\"lazy\" decoding=\"async\" width=\"789\" height=\"960\" data-id=\"2480\" src=\"https:\/\/fv-plittersdorf.de\/wp-content\/uploads\/2024\/01\/DarianDiMino.jpg\" alt=\"\" class=\"wp-image-2480\" srcset=\"https:\/\/fv-plittersdorf.de\/wp-content\/uploads\/2024\/01\/DarianDiMino.jpg 789w, https:\/\/fv-plittersdorf.de\/wp-content\/uploads\/2024\/01\/DarianDiMino-247x300.jpg 247w, https:\/\/fv-plittersdorf.de\/wp-content\/uploads\/2024\/01\/DarianDiMino-768x934.jpg 768w\" sizes=\"auto, (max-width: 789px) 100vw, 789px\" \/><\/a><\/figure>\n\n\n\n<figure class=\"wp-block-image size-large\"><a href=\"https:\/\/fv-plittersdorf.de\/wp-content\/uploads\/2024\/01\/JannikHenle.jpg\"><img loading=\"lazy\" decoding=\"async\" width=\"713\" height=\"960\" data-id=\"2481\" src=\"https:\/\/fv-plittersdorf.de\/wp-content\/uploads\/2024\/01\/JannikHenle.jpg\" alt=\"\" class=\"wp-image-2481\" srcset=\"https:\/\/fv-plittersdorf.de\/wp-content\/uploads\/2024\/01\/JannikHenle.jpg 713w, https:\/\/fv-plittersdorf.de\/wp-content\/uploads\/2024\/01\/JannikHenle-223x300.jpg 223w\" sizes=\"auto, (max-width: 713px) 100vw, 713px\" \/><\/a><\/figure>\n<\/figure>\n","protected":false},"excerpt":{"rendered":"<p>Wir freuen uns mitteilen zu d\u00fcrfen, dass wir zur R\u00fcckrunde mit Darian Di Mino (linkes Bild) eine Verst\u00e4rkung f\u00fcr die Torh\u00fcterposition verpflichten konnten. Darian ist 22 Jahre alt und spielte in der Jugend schon einmal beim FVP. \u00dcber den SV Kuppenheim gelangte er zum SV Sinzheim, bei dem er zum Landesliga-Kader geh\u00f6rte. Aus Sinzheim wechselt [&hellip;]<\/p>\n","protected":false},"author":1,"featured_media":0,"comment_status":"open","ping_status":"open","sticky":false,"template":"","format":"standard","meta":{"footnotes":""},"categories":[22],"tags":[],"class_list":{"0":"post-2479","1":"post","2":"type-post","3":"status-publish","4":"format-standard","6":"category-kreisliga-saison-2023-2024","7":"czr-hentry"},"_links":{"self":[{"href":"https:\/\/fv-plittersdorf.de\/index.php\/wp-json\/wp\/v2\/posts\/2479","targetHints":{"allow":["GET"]}}],"collection":[{"href":"https:\/\/fv-plittersdorf.de\/index.php\/wp-json\/wp\/v2\/posts"}],"about":[{"href":"https:\/\/fv-plittersdorf.de\/index.php\/wp-json\/wp\/v2\/types\/post"}],"author":[{"embeddable":true,"href":"https:\/\/fv-plittersdorf.de\/index.php\/wp-json\/wp\/v2\/users\/1"}],"replies":[{"embeddable":true,"href":"https:\/\/fv-plittersdorf.de\/index.php\/wp-json\/wp\/v2\/comments?post=2479"}],"version-history":[{"count":1,"href":"https:\/\/fv-plittersdorf.de\/index.php\/wp-json\/wp\/v2\/posts\/2479\/revisions"}],"predecessor-version":[{"id":2482,"href":"https:\/\/fv-plittersdorf.de\/index.php\/wp-json\/wp\/v2\/posts\/2479\/revisions\/2482"}],"wp:attachment":[{"href":"https:\/\/fv-plittersdorf.de\/index.php\/wp-json\/wp\/v2\/media?parent=2479"}],"wp:term":[{"taxonomy":"category","embeddable":true,"href":"https:\/\/fv-plittersdorf.de\/index.php\/wp-json\/wp\/v2\/categories?post=2479"},{"taxonomy":"post_tag","embeddable":true,"href":"https:\/\/fv-plittersdorf.de\/index.php\/wp-json\/wp\/v2\/tags?post=2479"}],"curies":[{"name":"wp","href":"https:\/\/api.w.org\/{rel}","templated":true}]}}