{"id":2467,"date":"2023-12-19T20:46:55","date_gmt":"2023-12-19T20:46:55","guid":{"rendered":"https:\/\/fv-plittersdorf.de\/?p=2467"},"modified":"2023-12-19T20:48:24","modified_gmt":"2023-12-19T20:48:24","slug":"jahresrueckblick-und-weihnachts-neujahrsgruesse-unserer-vorstandschaft","status":"publish","type":"post","link":"https:\/\/fv-plittersdorf.de\/index.php\/2023\/12\/19\/jahresrueckblick-und-weihnachts-neujahrsgruesse-unserer-vorstandschaft\/","title":{"rendered":"Jahresr\u00fcckblick und Weihnachts-\/Neujahrsgr\u00fc\u00dfe unserer Vorstandschaft"},"content":{"rendered":"\n<p>Wieder neigt sich ein sportlich schwieriges Jahr dem Ende entgegen. In der vergangenen Saison konnten wir in der Kreisliga A erneut nur knapp dem Abstieg entgehen. Auch wenn es der derzeitige drittletzte Tabellenplatz nicht widerspiegelt, hat die stark verj\u00fcngte Mannschaft in der abgelaufenen Hinrunde in fu\u00dfballerischer Hinsicht einiges zulegen k\u00f6nnen. Lediglich die Punkteausbeute blieb hinter den Erwartungen zur\u00fcck.<\/p>\n\n\n\n<p>Auch das Team 2 brachte ohne gr\u00f6\u00dfere Personalsorgen die Vorrunde \u00fcber die B\u00fchne, war doch noch kurz vor Beginn der Saison unklar, ob mangels Spieler \u00fcberhaupt eine Mannschaftsmeldung erfolgen k\u00f6nne. Auch bei der 2. Mannschaft erkl\u00e4rten sich einige junge Nachwuchstalente aus dem Dorf sowie einige eigentlich bereits im sportlichen Ruhestand befindliche Spieler bereit, die Kickstiefel zu schn\u00fcren und damit einen Spielbetrieb sicherzustellen. Hierf\u00fcr m\u00f6chten sich die Verantwortlichen des FVP bedanken.<\/p>\n\n\n\n<p>Gro\u00dfe Fortschritte konnten im ablaufenden Jahr zudem in der Thematik &#8222;Gemeinsame Sportanlage der Rieder Fu\u00dfballvereine&#8220; verzeichnet werden. Ein Standort f\u00fcr das zuk\u00fcnftige Sportgel\u00e4nde wurde seitens der Stadt Rastatt festgelegt und zus\u00e4tzliche finanzielle Hilfen bei der Ert\u00fcchtigung der vorhandenen Sportanlagen bis zur Fertigstellung der neuen Sportanlage (Umsetzungszeitraum gesch\u00e4tzt rund 15 Jahre!) wurden zugesagt. Die Notwendigkeit hierf\u00fcr illustriert das vorweihnachtlich Bild unserer Sportanlage im Binsenfeld, die derzeit f\u00fcr Wassersport wieder bestens geeignet, f\u00fcr Fu\u00dfball jedoch nicht zu gebrauchen ist. Wieder wird es ein Kraftakt werden, Sportgel\u00e4nde und Spielfeld im neuen Jahr fit f\u00fcr die R\u00fcckrunde zu machen. <\/p>\n\n\n\n<p>Die Vorstandschaft des FVP m\u00f6chte sich im Namen des Vereins bei seinen Mitgliedern, Funktion\u00e4ren sowie bei den Zuschauern und Unterst\u00fctzern bedanken und hofft auf eine deutliche Punkte-Steigerung bei der 1. Mannschaft im neuen Jahr.<\/p>\n\n\n\n<p>Der FV Germania w\u00fcnscht zudem allen seinen Mitgliedern, G\u00f6nnern sowie der gesamten Ortsbev\u00f6lkerung eine frohe, vor allem gesunde, Weihnachtszeit und ein gutes neues Jahr 2024.<\/p>\n\n\n\n<figure class=\"wp-block-image size-large\"><a href=\"https:\/\/fv-plittersdorf.de\/wp-content\/uploads\/2023\/12\/Weihnachtsgruesse2024.jpg\"><img loading=\"lazy\" decoding=\"async\" width=\"1024\" height=\"576\" src=\"https:\/\/fv-plittersdorf.de\/wp-content\/uploads\/2023\/12\/Weihnachtsgruesse2024-1024x576.jpg\" alt=\"\" class=\"wp-image-2468\" srcset=\"https:\/\/fv-plittersdorf.de\/wp-content\/uploads\/2023\/12\/Weihnachtsgruesse2024-1024x576.jpg 1024w, https:\/\/fv-plittersdorf.de\/wp-content\/uploads\/2023\/12\/Weihnachtsgruesse2024-300x169.jpg 300w, https:\/\/fv-plittersdorf.de\/wp-content\/uploads\/2023\/12\/Weihnachtsgruesse2024-768x432.jpg 768w, https:\/\/fv-plittersdorf.de\/wp-content\/uploads\/2023\/12\/Weihnachtsgruesse2024-1536x864.jpg 1536w, https:\/\/fv-plittersdorf.de\/wp-content\/uploads\/2023\/12\/Weihnachtsgruesse2024-1110x624.jpg 1110w, https:\/\/fv-plittersdorf.de\/wp-content\/uploads\/2023\/12\/Weihnachtsgruesse2024-528x297.jpg 528w, https:\/\/fv-plittersdorf.de\/wp-content\/uploads\/2023\/12\/Weihnachtsgruesse2024.jpg 2000w\" sizes=\"auto, (max-width: 1024px) 100vw, 1024px\" \/><\/a><\/figure>\n","protected":false},"excerpt":{"rendered":"<p>Wieder neigt sich ein sportlich schwieriges Jahr dem Ende entgegen. In der vergangenen Saison konnten wir in der Kreisliga A erneut nur knapp dem Abstieg entgehen. Auch wenn es der derzeitige drittletzte Tabellenplatz nicht widerspiegelt, hat die stark verj\u00fcngte Mannschaft in der abgelaufenen Hinrunde in fu\u00dfballerischer Hinsicht einiges zulegen k\u00f6nnen. Lediglich die Punkteausbeute blieb hinter [&hellip;]<\/p>\n","protected":false},"author":1,"featured_media":0,"comment_status":"open","ping_status":"open","sticky":false,"template":"","format":"standard","meta":{"footnotes":""},"categories":[18],"tags":[],"class_list":{"0":"post-2467","1":"post","2":"type-post","3":"status-publish","4":"format-standard","6":"category-allgemeines","7":"czr-hentry"},"_links":{"self":[{"href":"https:\/\/fv-plittersdorf.de\/index.php\/wp-json\/wp\/v2\/posts\/2467","targetHints":{"allow":["GET"]}}],"collection":[{"href":"https:\/\/fv-plittersdorf.de\/index.php\/wp-json\/wp\/v2\/posts"}],"about":[{"href":"https:\/\/fv-plittersdorf.de\/index.php\/wp-json\/wp\/v2\/types\/post"}],"author":[{"embeddable":true,"href":"https:\/\/fv-plittersdorf.de\/index.php\/wp-json\/wp\/v2\/users\/1"}],"replies":[{"embeddable":true,"href":"https:\/\/fv-plittersdorf.de\/index.php\/wp-json\/wp\/v2\/comments?post=2467"}],"version-history":[{"count":2,"href":"https:\/\/fv-plittersdorf.de\/index.php\/wp-json\/wp\/v2\/posts\/2467\/revisions"}],"predecessor-version":[{"id":2470,"href":"https:\/\/fv-plittersdorf.de\/index.php\/wp-json\/wp\/v2\/posts\/2467\/revisions\/2470"}],"wp:attachment":[{"href":"https:\/\/fv-plittersdorf.de\/index.php\/wp-json\/wp\/v2\/media?parent=2467"}],"wp:term":[{"taxonomy":"category","embeddable":true,"href":"https:\/\/fv-plittersdorf.de\/index.php\/wp-json\/wp\/v2\/categories?post=2467"},{"taxonomy":"post_tag","embeddable":true,"href":"https:\/\/fv-plittersdorf.de\/index.php\/wp-json\/wp\/v2\/tags?post=2467"}],"curies":[{"name":"wp","href":"https:\/\/api.w.org\/{rel}","templated":true}]}}