{"id":2163,"date":"2023-09-11T19:18:05","date_gmt":"2023-09-11T19:18:05","guid":{"rendered":"https:\/\/fv-plittersdorf.de\/?p=2163"},"modified":"2023-09-11T19:39:21","modified_gmt":"2023-09-11T19:39:21","slug":"herren-teams-bringen-vier-punkte-aus-sandweier-mit","status":"publish","type":"post","link":"https:\/\/fv-plittersdorf.de\/index.php\/2023\/09\/11\/herren-teams-bringen-vier-punkte-aus-sandweier-mit\/","title":{"rendered":"Herren-Teams bringen vier Punkte aus Sandweier mit"},"content":{"rendered":"\n<p><strong>FV Sandweier &#8211; FV Plittersdorf 2:2 (Hz. 0:1)<\/strong><\/p>\n\n\n\n<p>Nach der ern\u00fcchternden Heim-Niederlage gegen die Reserve des FV W\u00fcrmersheim konnte sich die Rieder zumindest teilweise rehabilitieren. Coach Oliver Herrmann wechselte in seiner Startelf im Vergleich zur Vorwoche nur auf einer Position (Cleo Fritz begann f\u00fcr den angeschlagenen Kapit\u00e4n Tim Ziegler) und setzte damit auf eine Trotzreaktion nach dem d\u00fcrftigen Auftritt der Vorwoche. Nach anf\u00e4nglichem Abtasten wurden Ibrahima Sow sowie Cleo Fritz vom ungl\u00fccklich agierenden Schiedsrichter wegen vermeintlicher Abseitsstellungen zur\u00fcckgepfiffen. Sow hatte dann auch eine der gr\u00f6\u00dften Chance der G\u00e4ste, doch sein strammer Linksschuss verfehlte sein Ziel deutlich. Nach 34 Spielminuten wurde ihm dann ein Elfmeter zugesprochen, der Schiedsrichter sah einen \u00fcberharten K\u00f6rpereinsatz eines Sandweirer Abwehrspielers. Adrian Pop verwandelte sicher zur F\u00fchrung. Kurz danach erhitzten sich die Gem\u00fcter auf beiden Seiten mehrfach, mit dem H\u00f6hepunkt einer roten Karte f\u00fcr Ionut Poteras, der sich zu einer T\u00e4tlichkeit hinrei\u00dfen lie\u00df und seinen Gegenspieler leicht schubste.<\/p>\n\n\n\n<p>Mit der ersten Aktion nach der Pause erzielte Cleo Fritz mit einem platzierten Kopfball nach Flanke des eingewechselten Morten Pohl den zweiten Treffer f\u00fcr die Rieder. Der FV Sandweier hatte nun zwar mehr Ballbesitz, doch die Abwehr des FVP stand sicher, sodass die Heimelf bis dato keine klaren Gelegenheiten hatten. Nach einer Stunde Spielzeit w\u00e4re fast der dritte Plittersdorfer Treffer gefallen: Ferdi \u00d6zcan erk\u00e4mpfte den Ball in der gegnerischen H\u00e4lfte, sein Lupfer \u00fcber den aufger\u00fcckten Torh\u00fcter landete jedoch knapp neben dem Tor. Somit blieben die Hausherren im Spiel und schafften nach einem vermeidbaren Elfmeter den Anschlusstreffer (79. Spielminute). Dies war der Startschuss f\u00fcr eine Schlussoffensive gegen die m\u00fcden G\u00e4ste in Unterzahl. Kurz danach fiel dann nach einem Missverst\u00e4ndnis in der FVP-Abwehr der Ausgleich. Keeper Thomas Wahl sicherte kurz vor Ende der Partie mit seiner Parade den verdienten Punktgewinn.<\/p>\n\n\n\n<p><strong>FV Sandweier II &#8211; FV Plittersdorf II 1:3 (Hz. 1:1)<\/strong><\/p>\n\n\n\n<p>Bereits am Donnerstag feierte die Rieder Zweite einen 3:1-Sieg beim FV Sandweier. Nach der fr\u00fchen F\u00fchrung durch Sven Wichmann (10.) und dem postwendenden Ausgleich ging es mit einem Remis in die Pause. Bj\u00f6rn &#8222;Tiger&#8220; Schaller besorgte in der 63. Minute kurz nach seinem vergebenen Elfmeter die Rieder F\u00fchrung. FVP I-Coach Oliver Herrmann besiegelte in der Nachspielzeit mit seinem Treffer den Dreier.<\/p>\n\n\n\n<p><strong>Ausblick:<\/strong> Am kommenden Samstag, den 16.09.2023 gastiert der FC Rastatt 04 zum Stadtderby im Plittersdorfer Binsenfeld (Spielbeginn: 17:00 Uhr). Die Zweite Mannschaft ist spielfrei.<\/p>\n\n\n<div class=\"wp-block-image\">\n<figure class=\"aligncenter size-full\"><a href=\"https:\/\/fv-plittersdorf.de\/wp-content\/uploads\/2023\/09\/Heimspiel-FCRastatt04.png\"><img loading=\"lazy\" decoding=\"async\" width=\"480\" height=\"517\" src=\"https:\/\/fv-plittersdorf.de\/wp-content\/uploads\/2023\/09\/Heimspiel-FCRastatt04.png\" alt=\"\" class=\"wp-image-2166\" srcset=\"https:\/\/fv-plittersdorf.de\/wp-content\/uploads\/2023\/09\/Heimspiel-FCRastatt04.png 480w, https:\/\/fv-plittersdorf.de\/wp-content\/uploads\/2023\/09\/Heimspiel-FCRastatt04-279x300.png 279w\" sizes=\"auto, (max-width: 480px) 100vw, 480px\" \/><\/a><\/figure>\n<\/div>","protected":false},"excerpt":{"rendered":"<p>FV Sandweier &#8211; FV Plittersdorf 2:2 (Hz. 0:1) Nach der ern\u00fcchternden Heim-Niederlage gegen die Reserve des FV W\u00fcrmersheim konnte sich die Rieder zumindest teilweise rehabilitieren. Coach Oliver Herrmann wechselte in seiner Startelf im Vergleich zur Vorwoche nur auf einer Position (Cleo Fritz begann f\u00fcr den angeschlagenen Kapit\u00e4n Tim Ziegler) und setzte damit auf eine Trotzreaktion [&hellip;]<\/p>\n","protected":false},"author":1,"featured_media":0,"comment_status":"open","ping_status":"open","sticky":false,"template":"","format":"standard","meta":{"footnotes":""},"categories":[22],"tags":[],"class_list":{"0":"post-2163","1":"post","2":"type-post","3":"status-publish","4":"format-standard","6":"category-kreisliga-saison-2023-2024","7":"czr-hentry"},"_links":{"self":[{"href":"https:\/\/fv-plittersdorf.de\/index.php\/wp-json\/wp\/v2\/posts\/2163","targetHints":{"allow":["GET"]}}],"collection":[{"href":"https:\/\/fv-plittersdorf.de\/index.php\/wp-json\/wp\/v2\/posts"}],"about":[{"href":"https:\/\/fv-plittersdorf.de\/index.php\/wp-json\/wp\/v2\/types\/post"}],"author":[{"embeddable":true,"href":"https:\/\/fv-plittersdorf.de\/index.php\/wp-json\/wp\/v2\/users\/1"}],"replies":[{"embeddable":true,"href":"https:\/\/fv-plittersdorf.de\/index.php\/wp-json\/wp\/v2\/comments?post=2163"}],"version-history":[{"count":2,"href":"https:\/\/fv-plittersdorf.de\/index.php\/wp-json\/wp\/v2\/posts\/2163\/revisions"}],"predecessor-version":[{"id":2167,"href":"https:\/\/fv-plittersdorf.de\/index.php\/wp-json\/wp\/v2\/posts\/2163\/revisions\/2167"}],"wp:attachment":[{"href":"https:\/\/fv-plittersdorf.de\/index.php\/wp-json\/wp\/v2\/media?parent=2163"}],"wp:term":[{"taxonomy":"category","embeddable":true,"href":"https:\/\/fv-plittersdorf.de\/index.php\/wp-json\/wp\/v2\/categories?post=2163"},{"taxonomy":"post_tag","embeddable":true,"href":"https:\/\/fv-plittersdorf.de\/index.php\/wp-json\/wp\/v2\/tags?post=2163"}],"curies":[{"name":"wp","href":"https:\/\/api.w.org\/{rel}","templated":true}]}}