{"id":1885,"date":"2023-07-12T20:00:56","date_gmt":"2023-07-12T20:00:56","guid":{"rendered":"https:\/\/fv-plittersdorf.de\/?p=1885"},"modified":"2023-07-12T20:07:31","modified_gmt":"2023-07-12T20:07:31","slug":"eine-woche-vorbereitung-ist-vorbei-ein-50-testspielsieg-gegen-den-tus-greffern-das-vorrunden-aus-bei-der-rastatter-stadtmeisterschaft-stehen-zu-buche","status":"publish","type":"post","link":"https:\/\/fv-plittersdorf.de\/index.php\/2023\/07\/12\/eine-woche-vorbereitung-ist-vorbei-ein-50-testspielsieg-gegen-den-tus-greffern-das-vorrunden-aus-bei-der-rastatter-stadtmeisterschaft-stehen-zu-buche\/","title":{"rendered":"Eine Woche Vorbereitung ist vorbei: ein 5:0-Testspielsieg gegen den TuS Greffern &#038; das Vorrunden-Aus bei der Rastatter Stadtmeisterschaft stehen zu Buche"},"content":{"rendered":"\n<p>Eine vollgepackte erste Vorbereitungswoche liegt seit dem Trainingssauftakt am vergangenen Dienstag, 04.07.2023, hinter den Plittersdorfer Fu\u00dfballern. Nach zwei Trainingseinheiten stand am Freitag, 07.07.2023, bereits das erste Testspiel auf dem Programm. Im Rahmen der Rastatter Stadtmeisterschaft trat die Mannschaft von Coach Oli Herrmann beim SV Niederb\u00fchl an und musste sich dem klassentieferen Stadtkonkurrenten mit 1:3 geschlagen geben. Den Treffer f\u00fcr den FVP zum zwischenzeitlichen 1:1-Ausgleich erzielte R\u00fcckkehrer Maximilian Stebel.<\/p>\n\n\n\n<p>Zusammen mit den Vertretern unserer Hauptsponsoren, Holger Ebner (<a href=\"https:\/\/ees-wohnbau.de\/\" data-type=\"URL\" data-id=\"https:\/\/ees-wohnbau.de\/\" target=\"_blank\" rel=\"noreferrer noopener\">EES Wohnbau GmbH<\/a>) und Berthold Ebner (<a href=\"https:\/\/www.ebner-gmbh.de\/immobilien\/\" data-type=\"URL\" data-id=\"https:\/\/www.ebner-gmbh.de\/immobilien\/\" target=\"_blank\" rel=\"noreferrer noopener\">Ebner Versicherungs- und Immobilien-Makler GmbH<\/a>), pr\u00e4sentierte unsere sportliche Leitung dann am vergangenen Sonntag unsere Neuzug\u00e4nge f\u00fcr die kommende Runde. Wir hei\u00dfen folgende Spieler ganz herzlich willkommen im Binsenfeld (im Bild von links oben nach rechts unten):<\/p>\n\n\n\n<p>Andr\u00e9 Hartmann (Jugend Rastatter SC,) Max Diebold (SC Wintersdorf), Tamino Schneider, Cassian Fritz (eigene Jugend), Ionut Poteras (SV Michelbach), Robin Gscheidle (SV 08 Kuppenheim), Louis Neff (SV Leiberstung), Benny Herzog (Jugend SV Langensteinbach), Simon Bischof (FV Steinmauern), Max Stebel (FV Rauental). Auf dem Bild fehlen Kevin Nonnenmacher und Patrick Wingert (aus Pause zur\u00fcck).<\/p>\n\n\n\n<figure class=\"wp-block-image size-large\"><a href=\"https:\/\/fv-plittersdorf.de\/wp-content\/uploads\/2023\/07\/P1030349_1-scaled.jpg\"><img loading=\"lazy\" decoding=\"async\" width=\"1024\" height=\"511\" src=\"https:\/\/fv-plittersdorf.de\/wp-content\/uploads\/2023\/07\/P1030349_1-1024x511.jpg\" alt=\"\" class=\"wp-image-1886\" srcset=\"https:\/\/fv-plittersdorf.de\/wp-content\/uploads\/2023\/07\/P1030349_1-1024x511.jpg 1024w, https:\/\/fv-plittersdorf.de\/wp-content\/uploads\/2023\/07\/P1030349_1-300x150.jpg 300w, https:\/\/fv-plittersdorf.de\/wp-content\/uploads\/2023\/07\/P1030349_1-768x383.jpg 768w, https:\/\/fv-plittersdorf.de\/wp-content\/uploads\/2023\/07\/P1030349_1-1536x766.jpg 1536w, https:\/\/fv-plittersdorf.de\/wp-content\/uploads\/2023\/07\/P1030349_1-2048x1022.jpg 2048w\" sizes=\"auto, (max-width: 1024px) 100vw, 1024px\" \/><\/a><\/figure>\n\n\n\n<p>Nach zwei Trainingseinheiten bei hei\u00dfen Temperaturen schloss unsere erste Mannschaft den langen Trainingssonntag mit einem weiteren Vorbereitungsspiel gegen den TuS Greffern ab. Beim ungef\u00e4hrdeten 5:0-Sieg erzielten Adrian Pop, Ionut Poteras, Cleo Fritz, Tim Ziegler und Robin Gscheidle die Treffer f\u00fcr die Schwarzgelben.<\/p>\n\n\n\n<p>Am heutigen Mittwoch verlor unsere Erste dann knapp auch ihr zweites Spiel bei der Stadtmeisterschaft mit 0:1. Damit steht bereits vor dem abschlie\u00dfenden Gruppenspiel beim FC Frankonia Rastatt (Sonntag, 16.07.2023, 17 Uhr) fest, dass wir keine Chance auf eine Teilnahme am Final-Samstag der Stadtmeisterschaft haben, der am darauffolgenden Wochenende in Ottersdorf ausgetragen wird.<\/p>\n\n\n\n<p>In der kommenden Woche stehen stattdessen beim Hatz-Cup in Sandweier zwei echte H\u00e4rtetests auf dem Programm. In den dortigen Gruppenspielen treffen wir mit dem FV Iffezheim (Kreisliga A, Nord) und dem TuS H\u00fcgelsheim (Kreisliga A, S\u00fcd) auf zwei Aufstiegsfavoriten der kommenden Saison. Die Spiele finden am Montag, 17.07.2023 (Iffezheim) und Mittwoch, 19.07.2023 (H\u00fcgelsheim) statt. Ansto\u00df ist jeweils um 18.30 Uhr. Auch unsere Zweite steigt wenig sp\u00e4ter ins Spielgeschehen ein &#8211; der erste Test ist f\u00fcr den 23.07.2023 um 14 Uhr bei der Reserve des SV Niederb\u00fchl terminiert. <\/p>\n\n\n<div class=\"wp-block-image\">\n<figure class=\"aligncenter size-large\"><a href=\"https:\/\/fv-plittersdorf.de\/wp-content\/uploads\/2023\/07\/P1030302_1-scaled.jpg\"><img loading=\"lazy\" decoding=\"async\" width=\"1024\" height=\"325\" src=\"https:\/\/fv-plittersdorf.de\/wp-content\/uploads\/2023\/07\/P1030302_1-1024x325.jpg\" alt=\"\" class=\"wp-image-1887\" srcset=\"https:\/\/fv-plittersdorf.de\/wp-content\/uploads\/2023\/07\/P1030302_1-1024x325.jpg 1024w, https:\/\/fv-plittersdorf.de\/wp-content\/uploads\/2023\/07\/P1030302_1-300x95.jpg 300w, https:\/\/fv-plittersdorf.de\/wp-content\/uploads\/2023\/07\/P1030302_1-768x244.jpg 768w, https:\/\/fv-plittersdorf.de\/wp-content\/uploads\/2023\/07\/P1030302_1-1536x488.jpg 1536w, https:\/\/fv-plittersdorf.de\/wp-content\/uploads\/2023\/07\/P1030302_1-2048x650.jpg 2048w\" sizes=\"auto, (max-width: 1024px) 100vw, 1024px\" \/><\/a><figcaption class=\"wp-element-caption\">Unsere 1. Mannschaft in der Saison 2023\/2024.<\/figcaption><\/figure>\n<\/div>\n\n<div class=\"wp-block-image\">\n<figure class=\"aligncenter size-large\"><a href=\"https:\/\/fv-plittersdorf.de\/wp-content\/uploads\/2023\/07\/P1030309_1-scaled.jpg\"><img loading=\"lazy\" decoding=\"async\" width=\"1024\" height=\"322\" src=\"https:\/\/fv-plittersdorf.de\/wp-content\/uploads\/2023\/07\/P1030309_1-1024x322.jpg\" alt=\"\" class=\"wp-image-1888\" srcset=\"https:\/\/fv-plittersdorf.de\/wp-content\/uploads\/2023\/07\/P1030309_1-1024x322.jpg 1024w, https:\/\/fv-plittersdorf.de\/wp-content\/uploads\/2023\/07\/P1030309_1-300x94.jpg 300w, https:\/\/fv-plittersdorf.de\/wp-content\/uploads\/2023\/07\/P1030309_1-768x241.jpg 768w, https:\/\/fv-plittersdorf.de\/wp-content\/uploads\/2023\/07\/P1030309_1-1536x483.jpg 1536w, https:\/\/fv-plittersdorf.de\/wp-content\/uploads\/2023\/07\/P1030309_1-2048x644.jpg 2048w\" sizes=\"auto, (max-width: 1024px) 100vw, 1024px\" \/><\/a><figcaption class=\"wp-element-caption\">Unsere 2. Mannschaft in der Saison 2023\/2024.<\/figcaption><\/figure>\n<\/div>\n\n<div class=\"wp-block-image\">\n<figure class=\"aligncenter size-large\"><a href=\"https:\/\/fv-plittersdorf.de\/wp-content\/uploads\/2023\/07\/P1030326_gedreht-scaled.jpg\"><img loading=\"lazy\" decoding=\"async\" width=\"1024\" height=\"379\" src=\"https:\/\/fv-plittersdorf.de\/wp-content\/uploads\/2023\/07\/P1030326_gedreht-1024x379.jpg\" alt=\"\" class=\"wp-image-1889\" srcset=\"https:\/\/fv-plittersdorf.de\/wp-content\/uploads\/2023\/07\/P1030326_gedreht-1024x379.jpg 1024w, https:\/\/fv-plittersdorf.de\/wp-content\/uploads\/2023\/07\/P1030326_gedreht-300x111.jpg 300w, https:\/\/fv-plittersdorf.de\/wp-content\/uploads\/2023\/07\/P1030326_gedreht-768x284.jpg 768w, https:\/\/fv-plittersdorf.de\/wp-content\/uploads\/2023\/07\/P1030326_gedreht-1536x568.jpg 1536w, https:\/\/fv-plittersdorf.de\/wp-content\/uploads\/2023\/07\/P1030326_gedreht-2048x758.jpg 2048w\" sizes=\"auto, (max-width: 1024px) 100vw, 1024px\" \/><\/a><figcaption class=\"wp-element-caption\">Team 1 und Team 2 f\u00fcr die Saison 2023\/2024.<\/figcaption><\/figure>\n<\/div>","protected":false},"excerpt":{"rendered":"<p>Eine vollgepackte erste Vorbereitungswoche liegt seit dem Trainingssauftakt am vergangenen Dienstag, 04.07.2023, hinter den Plittersdorfer Fu\u00dfballern. Nach zwei Trainingseinheiten stand am Freitag, 07.07.2023, bereits das erste Testspiel auf dem Programm. Im Rahmen der Rastatter Stadtmeisterschaft trat die Mannschaft von Coach Oli Herrmann beim SV Niederb\u00fchl an und musste sich dem klassentieferen Stadtkonkurrenten mit 1:3 geschlagen [&hellip;]<\/p>\n","protected":false},"author":1,"featured_media":0,"comment_status":"open","ping_status":"open","sticky":false,"template":"","format":"standard","meta":{"footnotes":""},"categories":[22],"tags":[],"class_list":{"0":"post-1885","1":"post","2":"type-post","3":"status-publish","4":"format-standard","6":"category-kreisliga-saison-2023-2024","7":"czr-hentry"},"_links":{"self":[{"href":"https:\/\/fv-plittersdorf.de\/index.php\/wp-json\/wp\/v2\/posts\/1885","targetHints":{"allow":["GET"]}}],"collection":[{"href":"https:\/\/fv-plittersdorf.de\/index.php\/wp-json\/wp\/v2\/posts"}],"about":[{"href":"https:\/\/fv-plittersdorf.de\/index.php\/wp-json\/wp\/v2\/types\/post"}],"author":[{"embeddable":true,"href":"https:\/\/fv-plittersdorf.de\/index.php\/wp-json\/wp\/v2\/users\/1"}],"replies":[{"embeddable":true,"href":"https:\/\/fv-plittersdorf.de\/index.php\/wp-json\/wp\/v2\/comments?post=1885"}],"version-history":[{"count":7,"href":"https:\/\/fv-plittersdorf.de\/index.php\/wp-json\/wp\/v2\/posts\/1885\/revisions"}],"predecessor-version":[{"id":1899,"href":"https:\/\/fv-plittersdorf.de\/index.php\/wp-json\/wp\/v2\/posts\/1885\/revisions\/1899"}],"wp:attachment":[{"href":"https:\/\/fv-plittersdorf.de\/index.php\/wp-json\/wp\/v2\/media?parent=1885"}],"wp:term":[{"taxonomy":"category","embeddable":true,"href":"https:\/\/fv-plittersdorf.de\/index.php\/wp-json\/wp\/v2\/categories?post=1885"},{"taxonomy":"post_tag","embeddable":true,"href":"https:\/\/fv-plittersdorf.de\/index.php\/wp-json\/wp\/v2\/tags?post=1885"}],"curies":[{"name":"wp","href":"https:\/\/api.w.org\/{rel}","templated":true}]}}