{"id":1825,"date":"2023-06-13T19:05:08","date_gmt":"2023-06-13T19:05:08","guid":{"rendered":"https:\/\/fv-plittersdorf.de\/?p=1825"},"modified":"2023-06-13T19:05:43","modified_gmt":"2023-06-13T19:05:43","slug":"saisonabschluss-bei-unseren-c-juniorinnen","status":"publish","type":"post","link":"https:\/\/fv-plittersdorf.de\/index.php\/2023\/06\/13\/saisonabschluss-bei-unseren-c-juniorinnen\/","title":{"rendered":"Saisonabschluss bei unseren C-Juniorinnen"},"content":{"rendered":"\n<p>Am vergangenen Wochenende feierten unsere C-Juniorinnen den Abschluss einer erfolgreichen Saison. Mit Bubble Ball, Fu\u00dfball-Darts und einer Eistorte hatten die M\u00e4dels, ihre Betreuer und Familien nochmals jede Menge Spa\u00df.<\/p>\n\n\n\n<figure class=\"wp-block-gallery has-nested-images columns-default is-cropped wp-block-gallery-1 is-layout-flex wp-block-gallery-is-layout-flex\">\n<figure class=\"wp-block-image size-large\"><a href=\"https:\/\/fv-plittersdorf.de\/wp-content\/uploads\/2023\/06\/Screenshot_2023-06-12-08-31-59-607_com.whatsapp.jpg\"><img loading=\"lazy\" decoding=\"async\" width=\"1024\" height=\"779\" data-id=\"1827\" src=\"https:\/\/fv-plittersdorf.de\/wp-content\/uploads\/2023\/06\/Screenshot_2023-06-12-08-31-59-607_com.whatsapp-1024x779.jpg\" alt=\"\" class=\"wp-image-1827\" srcset=\"https:\/\/fv-plittersdorf.de\/wp-content\/uploads\/2023\/06\/Screenshot_2023-06-12-08-31-59-607_com.whatsapp-1024x779.jpg 1024w, https:\/\/fv-plittersdorf.de\/wp-content\/uploads\/2023\/06\/Screenshot_2023-06-12-08-31-59-607_com.whatsapp-300x228.jpg 300w, https:\/\/fv-plittersdorf.de\/wp-content\/uploads\/2023\/06\/Screenshot_2023-06-12-08-31-59-607_com.whatsapp-768x584.jpg 768w, https:\/\/fv-plittersdorf.de\/wp-content\/uploads\/2023\/06\/Screenshot_2023-06-12-08-31-59-607_com.whatsapp.jpg 1053w\" sizes=\"auto, (max-width: 1024px) 100vw, 1024px\" \/><\/a><\/figure>\n\n\n\n<figure class=\"wp-block-image size-large\"><a href=\"https:\/\/fv-plittersdorf.de\/wp-content\/uploads\/2023\/06\/Screenshot_2023-06-12-09-47-23-169_com.whatsapp.jpg\"><img loading=\"lazy\" decoding=\"async\" width=\"1024\" height=\"574\" data-id=\"1828\" src=\"https:\/\/fv-plittersdorf.de\/wp-content\/uploads\/2023\/06\/Screenshot_2023-06-12-09-47-23-169_com.whatsapp-1024x574.jpg\" alt=\"\" class=\"wp-image-1828\" srcset=\"https:\/\/fv-plittersdorf.de\/wp-content\/uploads\/2023\/06\/Screenshot_2023-06-12-09-47-23-169_com.whatsapp-1024x574.jpg 1024w, https:\/\/fv-plittersdorf.de\/wp-content\/uploads\/2023\/06\/Screenshot_2023-06-12-09-47-23-169_com.whatsapp-300x168.jpg 300w, https:\/\/fv-plittersdorf.de\/wp-content\/uploads\/2023\/06\/Screenshot_2023-06-12-09-47-23-169_com.whatsapp-768x430.jpg 768w, https:\/\/fv-plittersdorf.de\/wp-content\/uploads\/2023\/06\/Screenshot_2023-06-12-09-47-23-169_com.whatsapp-528x297.jpg 528w, https:\/\/fv-plittersdorf.de\/wp-content\/uploads\/2023\/06\/Screenshot_2023-06-12-09-47-23-169_com.whatsapp.jpg 1073w\" sizes=\"auto, (max-width: 1024px) 100vw, 1024px\" \/><\/a><\/figure>\n\n\n\n<figure class=\"wp-block-image size-large\"><a href=\"https:\/\/fv-plittersdorf.de\/wp-content\/uploads\/2023\/06\/Screenshot_2023-06-12-09-47-29-825_com.whatsapp.jpg\"><img loading=\"lazy\" decoding=\"async\" width=\"1024\" height=\"805\" data-id=\"1826\" src=\"https:\/\/fv-plittersdorf.de\/wp-content\/uploads\/2023\/06\/Screenshot_2023-06-12-09-47-29-825_com.whatsapp-1024x805.jpg\" alt=\"\" class=\"wp-image-1826\" srcset=\"https:\/\/fv-plittersdorf.de\/wp-content\/uploads\/2023\/06\/Screenshot_2023-06-12-09-47-29-825_com.whatsapp-1024x805.jpg 1024w, https:\/\/fv-plittersdorf.de\/wp-content\/uploads\/2023\/06\/Screenshot_2023-06-12-09-47-29-825_com.whatsapp-300x236.jpg 300w, https:\/\/fv-plittersdorf.de\/wp-content\/uploads\/2023\/06\/Screenshot_2023-06-12-09-47-29-825_com.whatsapp-768x604.jpg 768w, https:\/\/fv-plittersdorf.de\/wp-content\/uploads\/2023\/06\/Screenshot_2023-06-12-09-47-29-825_com.whatsapp.jpg 1065w\" sizes=\"auto, (max-width: 1024px) 100vw, 1024px\" \/><\/a><\/figure>\n\n\n\n<figure class=\"wp-block-image size-large\"><a href=\"https:\/\/fv-plittersdorf.de\/wp-content\/uploads\/2023\/06\/Screenshot_2023-06-12-09-47-33-118_com.whatsapp.jpg\"><img loading=\"lazy\" decoding=\"async\" width=\"1024\" height=\"850\" data-id=\"1829\" src=\"https:\/\/fv-plittersdorf.de\/wp-content\/uploads\/2023\/06\/Screenshot_2023-06-12-09-47-33-118_com.whatsapp-1024x850.jpg\" alt=\"\" class=\"wp-image-1829\" srcset=\"https:\/\/fv-plittersdorf.de\/wp-content\/uploads\/2023\/06\/Screenshot_2023-06-12-09-47-33-118_com.whatsapp-1024x850.jpg 1024w, https:\/\/fv-plittersdorf.de\/wp-content\/uploads\/2023\/06\/Screenshot_2023-06-12-09-47-33-118_com.whatsapp-300x249.jpg 300w, https:\/\/fv-plittersdorf.de\/wp-content\/uploads\/2023\/06\/Screenshot_2023-06-12-09-47-33-118_com.whatsapp-768x637.jpg 768w, https:\/\/fv-plittersdorf.de\/wp-content\/uploads\/2023\/06\/Screenshot_2023-06-12-09-47-33-118_com.whatsapp.jpg 1059w\" sizes=\"auto, (max-width: 1024px) 100vw, 1024px\" \/><\/a><\/figure>\n<\/figure>\n\n\n\n<p><strong>Deutsch-Franz\u00f6sisches Fu\u00dfballtraining am kommenden Donnerstag<\/strong><\/p>\n\n\n\n<p>Am kommenden Donnerstag, 15.06.202, findet ein Kooperationstag der Grundschule Plittersdorf mit der Grundschule Niederr\u00f6dern statt. Die Jugendabteilung des FVP unterst\u00fctzt unsere \u00f6rtliche Schule mit einem deutsch-franz\u00f6sischen Fu\u00dfballtraining auf dem Sportplatz im Binsenfeld. Sabine und Tobias Gross werden das Training am am Vormittag organisieren. Danach gehen die Kinder zum Mittagessen zu ihren Gastfamilien in Plittersdorf. Wir freuen uns, den Tag unterst\u00fctzen zu k\u00f6nnen und hoffen, dass die Kinder aus Frankreich und Deutschland jede Menge neuer Erfahrungen auf und neben dem Platz sammeln werden.<\/p>\n","protected":false},"excerpt":{"rendered":"<p>Am vergangenen Wochenende feierten unsere C-Juniorinnen den Abschluss einer erfolgreichen Saison. Mit Bubble Ball, Fu\u00dfball-Darts und einer Eistorte hatten die M\u00e4dels, ihre Betreuer und Familien nochmals jede Menge Spa\u00df. Deutsch-Franz\u00f6sisches Fu\u00dfballtraining am kommenden Donnerstag Am kommenden Donnerstag, 15.06.202, findet ein Kooperationstag der Grundschule Plittersdorf mit der Grundschule Niederr\u00f6dern statt. Die Jugendabteilung des FVP unterst\u00fctzt unsere [&hellip;]<\/p>\n","protected":false},"author":1,"featured_media":0,"comment_status":"open","ping_status":"open","sticky":false,"template":"","format":"standard","meta":{"footnotes":""},"categories":[20],"tags":[],"class_list":{"0":"post-1825","1":"post","2":"type-post","3":"status-publish","4":"format-standard","6":"category-jugendabteilung","7":"czr-hentry"},"_links":{"self":[{"href":"https:\/\/fv-plittersdorf.de\/index.php\/wp-json\/wp\/v2\/posts\/1825","targetHints":{"allow":["GET"]}}],"collection":[{"href":"https:\/\/fv-plittersdorf.de\/index.php\/wp-json\/wp\/v2\/posts"}],"about":[{"href":"https:\/\/fv-plittersdorf.de\/index.php\/wp-json\/wp\/v2\/types\/post"}],"author":[{"embeddable":true,"href":"https:\/\/fv-plittersdorf.de\/index.php\/wp-json\/wp\/v2\/users\/1"}],"replies":[{"embeddable":true,"href":"https:\/\/fv-plittersdorf.de\/index.php\/wp-json\/wp\/v2\/comments?post=1825"}],"version-history":[{"count":2,"href":"https:\/\/fv-plittersdorf.de\/index.php\/wp-json\/wp\/v2\/posts\/1825\/revisions"}],"predecessor-version":[{"id":1832,"href":"https:\/\/fv-plittersdorf.de\/index.php\/wp-json\/wp\/v2\/posts\/1825\/revisions\/1832"}],"wp:attachment":[{"href":"https:\/\/fv-plittersdorf.de\/index.php\/wp-json\/wp\/v2\/media?parent=1825"}],"wp:term":[{"taxonomy":"category","embeddable":true,"href":"https:\/\/fv-plittersdorf.de\/index.php\/wp-json\/wp\/v2\/categories?post=1825"},{"taxonomy":"post_tag","embeddable":true,"href":"https:\/\/fv-plittersdorf.de\/index.php\/wp-json\/wp\/v2\/tags?post=1825"}],"curies":[{"name":"wp","href":"https:\/\/api.w.org\/{rel}","templated":true}]}}